{"id":349,"date":"2018-04-18T09:31:57","date_gmt":"2018-04-18T09:31:57","guid":{"rendered":"http:\/\/luagris.net\/turismo\/?p=349"},"modified":"2018-04-18T09:42:29","modified_gmt":"2018-04-18T09:42:29","slug":"espazo-caritel","status":"publish","type":"post","link":"https:\/\/luagris.net\/turismo\/?p=349&lang=gl","title":{"rendered":"Espazo Caritel"},"content":{"rendered":"<p>O Espazo Caritel \u00e9 unha desas pequenas alfaias agochadas que non sempre \u00e9 doado atopar cando andas de viaxe. Situado no interior do concello mari\u00f1\u00e1n de Foz, ao p\u00e9 da Bas\u00edlica de San Marti\u00f1o, \u00e9 un espazo orixinal e delicado que non deixa indiferente a ningu\u00e9n.<br \/>\nSe pensamos en Foz, pensamos en praia, acantilados, o Cant\u00e1brico en todo o seu esplendor. Foz tam\u00e9n \u00e9 un concello atractivo para observadores de aves xa que a vila est\u00e1 situada a car\u00f3n dun esteiro que, non por degradado -que o est\u00e1- perdeu o seu atractivo. E, para os amantes da arquitectura, conta cunha das xoias da Mari\u00f1a: a Bas\u00edlica de San Marti\u00f1o, unha antiga catedral rom\u00e1nica do s\u00e9culo XII, que foi sede da di\u00f3cese de Mondo\u00f1edo at\u00e9 que foi trasladada m\u00e1is ao interior (\u00e1 actual vila de Mondo\u00f1edo) para arredarse dos ataques vikingos.<br \/>\nAo p\u00e9 deste monumento indispens\u00e1bel est\u00e1 situado o Espazo Caritel. Foi creado polo artista Caxigueiro, escultor, especializado en cer\u00e1mica art\u00edstica pero que tam\u00e9n desenvolve a s\u00faa obra en formato de instalaci\u00f3ns e, m\u00e1is recentemente, fotograf\u00eda. Tr\u00e1tase dunha figura relevante no contexto da pl\u00e1stica galega actual e a s\u00faa obra fai parte de diversas colecci\u00f3ns de relevo como a d&#8217;A Fundaci\u00f3n (antiga fundaci\u00f3n das caixas de aforro galegas).<br \/>\nCaxigueiro ten aqu\u00ed o seu obradoiro e preparou un espazo expositivo no que poden verse algunhas das s\u00faas obras m\u00e1is emblem\u00e1ticas. A un lado do obradoiro (e detr\u00e1s da casa familiar) hai un xard\u00edn que o artista foi creando aos poucos durante moitos anos at\u00e9 acadar o grande interese bot\u00e1nico que hoxe ten.<br \/>\nA visita ao Espazo Caritel \u00e9 guiada polo propio artista (ocasionalmente por Flor, a s\u00faa muller, quen se ocupa das visitas en ingl\u00e9s). Comeza polo xard\u00edn, onde explica de forma amena diferentes historias e curiosidades sobre a diversidade bot\u00e1nica que acolle.<br \/>\nHai aqu\u00ed \u00e1rbores e plantas de case todos os continentes pero o xard\u00edn est\u00e1 especializado en camelias, hortensias e fentos.<br \/>\nTen m\u00e1is de 100 variedades de camelias polo que o inverno e o comezo da primavera son unha \u00e9poca moi interesante para achegarse at\u00e9 aqu\u00ed. A continuaci\u00f3n unha montaxe que fixen con algunhas das variedades que estaban en flor en abril do ano pasado.<\/p>\n<figure id=\"attachment_350\" aria-describedby=\"caption-attachment-350\" style=\"width: 840px\" class=\"wp-caption alignnone\"><a href=\"http:\/\/luagris.net\/turismo\/wp-content\/uploads\/2017\/08\/camelias.jpg\"><img loading=\"lazy\" decoding=\"async\" src=\"http:\/\/luagris.net\/turismo\/wp-content\/uploads\/2017\/08\/camelias-1024x922.jpg\" alt=\"\" width=\"840\" height=\"756\" class=\"size-large wp-image-350\" srcset=\"https:\/\/luagris.net\/turismo\/wp-content\/uploads\/2017\/08\/camelias-1024x922.jpg 1024w, https:\/\/luagris.net\/turismo\/wp-content\/uploads\/2017\/08\/camelias-300x270.jpg 300w, https:\/\/luagris.net\/turismo\/wp-content\/uploads\/2017\/08\/camelias-768x691.jpg 768w, https:\/\/luagris.net\/turismo\/wp-content\/uploads\/2017\/08\/camelias-1200x1080.jpg 1200w, https:\/\/luagris.net\/turismo\/wp-content\/uploads\/2017\/08\/camelias.jpg 1500w\" sizes=\"auto, (max-width: 709px) 85vw, (max-width: 909px) 67vw, (max-width: 1362px) 62vw, 840px\" \/><\/a><figcaption id=\"caption-attachment-350\" class=\"wp-caption-text\">(fai clic para ampliar)<\/figcaption><\/figure>\n<p>Tam\u00e9n ten unha grande variedade de hortensias que dan vida ao xard\u00edn en \u00e9pocas de maior temperatura. Algunhas son moi curiosas e orixinais:<\/p>\n<figure id=\"attachment_350\" aria-describedby=\"caption-attachment-350\" style=\"width: 840px\" class=\"wp-caption alignnone\"><a href=\"http:\/\/luagris.net\/turismo\/wp-content\/uploads\/2018\/04\/hortensia_01.jpg\"><img loading=\"lazy\" decoding=\"async\" src=\"http:\/\/luagris.net\/turismo\/wp-content\/uploads\/2018\/04\/hortensia_01-225x300.jpg\" alt=\"\" width=\"225\" height=\"300\" class=\"alignnone size-medium wp-image-369\" srcset=\"https:\/\/luagris.net\/turismo\/wp-content\/uploads\/2018\/04\/hortensia_01-225x300.jpg 225w, https:\/\/luagris.net\/turismo\/wp-content\/uploads\/2018\/04\/hortensia_01.jpg 720w\" sizes=\"auto, (max-width: 225px) 85vw, 225px\" \/><\/a><figcaption id=\"caption-attachment-350\" class=\"wp-caption-text\">(fai clic para ampliar)<\/figcaption><\/figure>\n<figure id=\"attachment_350\" aria-describedby=\"caption-attachment-350\" style=\"width: 840px\" class=\"wp-caption alignnone\"><a href=\"http:\/\/luagris.net\/turismo\/wp-content\/uploads\/2018\/04\/hortensia_02.jpg\"><img loading=\"lazy\" decoding=\"async\" src=\"http:\/\/luagris.net\/turismo\/wp-content\/uploads\/2018\/04\/hortensia_02-1024x768.jpg\" alt=\"\" width=\"225\" height=\"300\" class=\"alignnone size-medium wp-image-370\" \/><\/a><figcaption id=\"caption-attachment-350\" class=\"wp-caption-text\">(fai clic para ampliar)<\/figcaption><\/figure>\n<figure id=\"attachment_350\" aria-describedby=\"caption-attachment-350\" style=\"width: 840px\" class=\"wp-caption alignnone\"><a href=\"http:\/\/luagris.net\/turismo\/wp-content\/uploads\/2018\/04\/hortensia_03.jpg\"><img loading=\"lazy\" decoding=\"async\" src=\"http:\/\/luagris.net\/turismo\/wp-content\/uploads\/2018\/04\/hortensia_03-1024x768.jpg\" alt=\"\" width=\"225\" height=\"300\" class=\"alignnone size-medium wp-image-371\" \/><\/a><figcaption id=\"caption-attachment-350\" class=\"wp-caption-text\">(fai clic para ampliar)<\/figcaption><\/figure>\n<figure id=\"attachment_350\" aria-describedby=\"caption-attachment-350\" style=\"width: 840px\" class=\"wp-caption alignnone\"><a href=\"http:\/\/luagris.net\/turismo\/wp-content\/uploads\/2018\/04\/hortensia_04.jpg\"><img loading=\"lazy\" decoding=\"async\" src=\"http:\/\/luagris.net\/turismo\/wp-content\/uploads\/2018\/04\/hortensia_04-1024x768.jpg\" alt=\"\" width=\"225\" height=\"300\" class=\"alignnone size-medium wp-image-372\" \/><\/a><figcaption id=\"caption-attachment-350\" class=\"wp-caption-text\">(fai clic para ampliar)<\/figcaption><\/figure>\n<p>E unha boa selecci\u00f3n de fentos, tanto aut\u00f3ctonos como for\u00e1neos. Na foto, un dos exemplares arb\u00f3reos cos que conta o espazo:<\/p>\n<figure id=\"attachment_350\" aria-describedby=\"caption-attachment-350\" style=\"width: 840px\" class=\"wp-caption alignnone\"><a href=\"http:\/\/luagris.net\/turismo\/wp-content\/uploads\/2018\/04\/fento_arb\u00f3reo.jpg\"><img loading=\"lazy\" decoding=\"async\" src=\"http:\/\/luagris.net\/turismo\/wp-content\/uploads\/2018\/04\/fento_arb\u00f3reo-225x300.jpg\" alt=\"\" width=\"225\" height=\"300\" class=\"alignnone size-medium wp-image-379\" srcset=\"https:\/\/luagris.net\/turismo\/wp-content\/uploads\/2018\/04\/fento_arb\u00f3reo-225x300.jpg 225w, https:\/\/luagris.net\/turismo\/wp-content\/uploads\/2018\/04\/fento_arb\u00f3reo.jpg 720w\" sizes=\"auto, (max-width: 225px) 85vw, 225px\" \/><\/a><figcaption id=\"caption-attachment-350\" class=\"wp-caption-text\">(fai clic para ampliar)<\/figcaption><\/figure>\n<p>Durante o paseo, o xard\u00edn depara tam\u00e9n sorpresas, xa que o artista ten algunhas das s\u00faas pezas situadas en espazos que se fan m\u00e1xicos pero que el amosa e percorre con naturalidade. Por exemplo, esta instalaci\u00f3n con libros no medio de fentos de diversas variedades.<\/p>\n<figure id=\"attachment_350\" aria-describedby=\"caption-attachment-350\" style=\"width: 840px\" class=\"wp-caption alignnone\"><a href=\"http:\/\/luagris.net\/turismo\/wp-content\/uploads\/2018\/04\/libros_no_xardin.jpg\"><img loading=\"lazy\" decoding=\"async\" src=\"http:\/\/luagris.net\/turismo\/wp-content\/uploads\/2018\/04\/libros_no_xardin-300x225.jpg\" alt=\"\" width=\"300\" height=\"225\" class=\"alignnone size-medium wp-image-373\" srcset=\"https:\/\/luagris.net\/turismo\/wp-content\/uploads\/2018\/04\/libros_no_xardin-300x225.jpg 300w, https:\/\/luagris.net\/turismo\/wp-content\/uploads\/2018\/04\/libros_no_xardin-768x576.jpg 768w, https:\/\/luagris.net\/turismo\/wp-content\/uploads\/2018\/04\/libros_no_xardin-1024x768.jpg 1024w, https:\/\/luagris.net\/turismo\/wp-content\/uploads\/2018\/04\/libros_no_xardin-1200x900.jpg 1200w, https:\/\/luagris.net\/turismo\/wp-content\/uploads\/2018\/04\/libros_no_xardin.jpg 2048w\" sizes=\"auto, (max-width: 300px) 85vw, 300px\" \/><\/a><figcaption id=\"caption-attachment-350\" class=\"wp-caption-text\">(fai clic para ampliar)<\/figcaption><\/figure>\n<p>Caxigueiro \u00e9 un namorado do seu xard\u00edn e realiza a visita con mimo. E, cando atopa interlocutores interesados, a visita pode estenderse tanto como o visitante desexe. Pouco a pouco vaise un sentindo como na casa e realmente custa marchar dal\u00ed.<\/p>\n<p>Con todo e seren camelias, hortensias e fentos as estrelas do xard\u00edn, eu te\u00f1o especial querencia por algunhas das \u00e1rbores: un exemplar de araucaria, \u00e1rbore nacional de Chile e con moita presenza nos Andes austrais (na provincia de Neuqu\u00e9n en Arxentina, hai un fant\u00e1stico bosque desta especie), un Ceibo, flor nacional da Argentina e a mi\u00f1a zona preferida: un pequeno recuncho xapon\u00e9s con diversas variedades de arces coas s\u00faas follas de diferentes tonalidades que van do amarelo ou o verde fresco ao vermello escuro.<\/p>\n<figure id=\"attachment_350\" aria-describedby=\"caption-attachment-350\" style=\"width: 840px\" class=\"wp-caption alignnone\"><a href=\"http:\/\/luagris.net\/turismo\/wp-content\/uploads\/2018\/04\/xardin_xapones.jpg\"><img loading=\"lazy\" decoding=\"async\" src=\"http:\/\/luagris.net\/turismo\/wp-content\/uploads\/2018\/04\/xardin_xapones-300x225.jpg\" alt=\"\" width=\"300\" height=\"225\" class=\"alignnone size-medium wp-image-374\" srcset=\"https:\/\/luagris.net\/turismo\/wp-content\/uploads\/2018\/04\/xardin_xapones-300x225.jpg 300w, https:\/\/luagris.net\/turismo\/wp-content\/uploads\/2018\/04\/xardin_xapones-768x576.jpg 768w, https:\/\/luagris.net\/turismo\/wp-content\/uploads\/2018\/04\/xardin_xapones-1024x768.jpg 1024w, https:\/\/luagris.net\/turismo\/wp-content\/uploads\/2018\/04\/xardin_xapones-1200x900.jpg 1200w, https:\/\/luagris.net\/turismo\/wp-content\/uploads\/2018\/04\/xardin_xapones.jpg 2048w\" sizes=\"auto, (max-width: 300px) 85vw, 300px\" \/><\/a><figcaption id=\"caption-attachment-350\" class=\"wp-caption-text\">(fai clic para ampliar)<\/figcaption><\/figure>\n<p>Para o final da visita queda a parte, ao meu ver, m\u00e1is interesante: Caxigueiro percorre contigo o seu pequeno centro de exposici\u00f3ns, explica como traballa e d\u00e1 claves sobre a s\u00faa obra que interesan tanto \u00e1s persoas familiarizadas con este tipo de expresi\u00f3ns como \u00e1s m\u00e1is novatas. \u00c9 unha ocasi\u00f3n \u00fanica para co\u00f1ecer de primeira man a obra dun dos artistas m\u00e1is importantes do panorama galego contempor\u00e1neo.<\/p>\n<figure id=\"attachment_350\" aria-describedby=\"caption-attachment-350\" style=\"width: 840px\" class=\"wp-caption alignnone\"><a href=\"http:\/\/luagris.net\/turismo\/wp-content\/uploads\/2018\/04\/paisaxe.jpg\"><img loading=\"lazy\" decoding=\"async\" src=\"http:\/\/luagris.net\/turismo\/wp-content\/uploads\/2018\/04\/paisaxe-300x200.jpg\" alt=\"\" width=\"300\" height=\"200\" class=\"alignnone size-medium wp-image-375\" srcset=\"https:\/\/luagris.net\/turismo\/wp-content\/uploads\/2018\/04\/paisaxe-300x200.jpg 300w, https:\/\/luagris.net\/turismo\/wp-content\/uploads\/2018\/04\/paisaxe-768x512.jpg 768w, https:\/\/luagris.net\/turismo\/wp-content\/uploads\/2018\/04\/paisaxe-1024x683.jpg 1024w, https:\/\/luagris.net\/turismo\/wp-content\/uploads\/2018\/04\/paisaxe-1200x800.jpg 1200w, https:\/\/luagris.net\/turismo\/wp-content\/uploads\/2018\/04\/paisaxe-720x480.jpg 720w, https:\/\/luagris.net\/turismo\/wp-content\/uploads\/2018\/04\/paisaxe.jpg 2048w\" sizes=\"auto, (max-width: 300px) 85vw, 300px\" \/><\/a><figcaption id=\"caption-attachment-350\" class=\"wp-caption-text\">(fai clic para ampliar)<\/figcaption><\/figure>\n<p>En suma, un espazo que, para min, ben xustifica unha excursi\u00f3n \u00e1 Mari\u00f1a. <\/p>\n<p>NOTA: ten horarios vari\u00e1beis dependendo da \u00e9poca do ano. Nalg\u00fans meses, mesmo \u00e9 preciso chamar antes para concertar a visita. A informaci\u00f3n de contacto est\u00e1 na <a href=\"https:\/\/www.facebook.com\/Espazo-Caritel-1484714851792504\/\">p\u00e1xina do Espazo Caritel en Facebook<\/a>.<\/p>\n<p>(Algunhas das fotograf\u00edas f\u00edxenas eu mesmo, outras est\u00e1n tomadas do Facebook do Espazo.)<\/p>\n","protected":false},"excerpt":{"rendered":"<p>O Espazo Caritel \u00e9 unha desas pequenas alfaias agochadas que non sempre \u00e9 doado atopar cando andas de viaxe. Situado no interior do concello mari\u00f1\u00e1n de Foz, ao p\u00e9 da Bas\u00edlica de San Marti\u00f1o, \u00e9 [&hellip;]<\/p>\n","protected":false},"author":3,"featured_media":0,"comment_status":"open","ping_status":"open","sticky":false,"template":"","format":"standard","meta":{"jetpack_post_was_ever_published":false,"_jetpack_newsletter_access":"","_jetpack_dont_email_post_to_subs":false,"_jetpack_newsletter_tier_id":0,"_jetpack_memberships_contains_paywalled_content":false,"_jetpack_memberships_contains_paid_content":false,"footnotes":""},"categories":[588],"tags":[],"class_list":["post-349","post","type-post","status-publish","format-standard","hentry","category-espazos-singulares"],"jetpack_featured_media_url":"","jetpack_sharing_enabled":true,"jetpack_shortlink":"https:\/\/wp.me\/p8v7Zj-5D","_links":{"self":[{"href":"https:\/\/luagris.net\/turismo\/index.php?rest_route=\/wp\/v2\/posts\/349","targetHints":{"allow":["GET"]}}],"collection":[{"href":"https:\/\/luagris.net\/turismo\/index.php?rest_route=\/wp\/v2\/posts"}],"about":[{"href":"https:\/\/luagris.net\/turismo\/index.php?rest_route=\/wp\/v2\/types\/post"}],"author":[{"embeddable":true,"href":"https:\/\/luagris.net\/turismo\/index.php?rest_route=\/wp\/v2\/users\/3"}],"replies":[{"embeddable":true,"href":"https:\/\/luagris.net\/turismo\/index.php?rest_route=%2Fwp%2Fv2%2Fcomments&post=349"}],"version-history":[{"count":11,"href":"https:\/\/luagris.net\/turismo\/index.php?rest_route=\/wp\/v2\/posts\/349\/revisions"}],"predecessor-version":[{"id":377,"href":"https:\/\/luagris.net\/turismo\/index.php?rest_route=\/wp\/v2\/posts\/349\/revisions\/377"}],"wp:attachment":[{"href":"https:\/\/luagris.net\/turismo\/index.php?rest_route=%2Fwp%2Fv2%2Fmedia&parent=349"}],"wp:term":[{"taxonomy":"category","embeddable":true,"href":"https:\/\/luagris.net\/turismo\/index.php?rest_route=%2Fwp%2Fv2%2Fcategories&post=349"},{"taxonomy":"post_tag","embeddable":true,"href":"https:\/\/luagris.net\/turismo\/index.php?rest_route=%2Fwp%2Fv2%2Ftags&post=349"}],"curies":[{"name":"wp","href":"https:\/\/api.w.org\/{rel}","templated":true}]}}