{"id":282,"date":"2017-04-08T18:11:47","date_gmt":"2017-04-08T18:11:47","guid":{"rendered":"http:\/\/luagris.net\/turismo\/?p=282"},"modified":"2017-04-09T18:23:34","modified_gmt":"2017-04-09T18:23:34","slug":"covelo","status":"publish","type":"post","link":"https:\/\/luagris.net\/turismo\/?p=282&lang=gl","title":{"rendered":"Covelo"},"content":{"rendered":"<p>Hai pouco estivemos pasando unha fin de semana en Covelo. Para quen non o saiba, \u00e9 un concello situado ao sur-leste da provincia de Pontevedra, na comarca da Paradanta. A orograf\u00eda do concello \u00e9 a t\u00edpica da monta\u00f1a galega, de orixe paleozoica, moi desgastadas, polo que, en xeral, presentan un perfil de ondulaci\u00f3ns suaves. En concreto, o concello de Covelo est\u00e1 situado na Serra do Su\u00eddo.<\/p>\n<p>Para empezar, alox\u00e1monos na Rectoral de Fofe, un pequeno hotel rural situado nunha antiga casa reitoral que, segundo contan na casa, chegou a albergar sete curas. A restauraci\u00f3n do edificio \u00e9 coidada, o lugar \u00e9 extremadamente tranquilo e as vistas sobre o val do Tea son espectaculares. Ten un pequeno restaurante que ofrece unha comida correcta nun men\u00fa curto de opci\u00f3ns pero caseiro e a un prezo razoable. A atenci\u00f3n, tanto na casa como no restaurante, \u00e9 moi coidada.<\/p>\n<p>O noso plan para a fin de semana era facer rutas a p\u00e9 pero tocounos chuvia polo que cumpr\u00eda cambiar o plan. Na casa atopamos un par de libros interesantes: o volume adicado ao concello de Covelo da serie de gu\u00edas de cruces, cruceiros e petos de \u00e1nimas, de Estanislao Fern\u00e1ndez de la Cigo\u00f1a e Andr\u00e9s Sampedro Fern\u00e1ndez editada pola Asociaci\u00f3n Galega para a Cultura e a Ecolox\u00eda e un coidado volume publicado polo Bispado de Tui con todas as igrexas, capelas e ermidas do arciprestado de Montes-Mondariz no que est\u00e1n integradas as parroquias de Covelo: un libro cheo de fotos a cor e con detallada informaci\u00f3n de cada un dos templos da zona. Xa que logo, decidimos dar unha volta para ver en vivo as igrexas e mais os cruceiros que m\u00e1is nos chamaron a atenci\u00f3n.<\/p>\n<p><strong>San Salvador de Maceira<\/strong><\/p>\n<p>Non lonxe de Fofe atopamos esta igrexa. A estrada pasa polo lado e, atraves\u00e1ndoa, hai un interesante cruceiro atribu\u00eddo a un tal &#8220;mestre Argibay&#8221; do que non atopamos outra referencia. A cruz \u00e9 de brazos cil\u00edndricos, polo lado da fronte o Cristo semella estar xa morto e un anxo ach\u00e9galle un c\u00e1liz. No env\u00e9s, unha imaxe da Virxe coroada por dous anxos que conserva algunha policrom\u00eda. <\/p>\n<p><figure id=\"attachment_284\" aria-describedby=\"caption-attachment-284\" style=\"width: 200px\" class=\"wp-caption alignnone\"><a href=\"http:\/\/luagris.net\/turismo\/wp-content\/uploads\/2017\/04\/cruceiro-de-san-salvador-de-maceira-cristo.jpg\"><img loading=\"lazy\" decoding=\"async\" src=\"http:\/\/luagris.net\/turismo\/wp-content\/uploads\/2017\/04\/cruceiro-de-san-salvador-de-maceira-cristo-200x300.jpg\" alt=\"\" width=\"200\" height=\"300\" class=\"size-medium wp-image-284\" srcset=\"https:\/\/luagris.net\/turismo\/wp-content\/uploads\/2017\/04\/cruceiro-de-san-salvador-de-maceira-cristo-200x300.jpg 200w, https:\/\/luagris.net\/turismo\/wp-content\/uploads\/2017\/04\/cruceiro-de-san-salvador-de-maceira-cristo.jpg 211w\" sizes=\"auto, (max-width: 200px) 85vw, 200px\" \/><\/a><figcaption id=\"caption-attachment-284\" class=\"wp-caption-text\">San Salvador de Maceira &#8211; Covelo &#8211; Cruceiro (Cristo)<\/figcaption><\/figure> <figure id=\"attachment_285\" aria-describedby=\"caption-attachment-285\" style=\"width: 176px\" class=\"wp-caption alignnone\"><a href=\"http:\/\/luagris.net\/turismo\/wp-content\/uploads\/2017\/04\/cruceiro-de-san-salvador-de-maceira-enves.jpg\"><img loading=\"lazy\" decoding=\"async\" src=\"http:\/\/luagris.net\/turismo\/wp-content\/uploads\/2017\/04\/cruceiro-de-san-salvador-de-maceira-enves-176x300.jpg\" alt=\"\" width=\"176\" height=\"300\" class=\"size-medium wp-image-285\" srcset=\"https:\/\/luagris.net\/turismo\/wp-content\/uploads\/2017\/04\/cruceiro-de-san-salvador-de-maceira-enves-176x300.jpg 176w, https:\/\/luagris.net\/turismo\/wp-content\/uploads\/2017\/04\/cruceiro-de-san-salvador-de-maceira-enves.jpg 211w\" sizes=\"auto, (max-width: 176px) 85vw, 176px\" \/><\/a><figcaption id=\"caption-attachment-285\" class=\"wp-caption-text\">San Salvador de Maceira &#8211; Covelo &#8211; Cruceiro (env\u00e9s)<\/figcaption><\/figure><\/p>\n<p>A columna, de corte hexagonal, rematada cun capitel corintio de volutas, est\u00e1 decorada ao longo do fuste con diferentes figuras.<\/p>\n<figure id=\"attachment_283\" aria-describedby=\"caption-attachment-283\" style=\"width: 300px\" class=\"wp-caption alignnone\"><a href=\"http:\/\/luagris.net\/turismo\/wp-content\/uploads\/2017\/04\/cruceiro-de-san-salvador-de-maceira-columna.jpg\"><img loading=\"lazy\" decoding=\"async\" src=\"http:\/\/luagris.net\/turismo\/wp-content\/uploads\/2017\/04\/cruceiro-de-san-salvador-de-maceira-columna-300x188.jpg\" alt=\"\" width=\"300\" height=\"188\" class=\"size-medium wp-image-283\" srcset=\"https:\/\/luagris.net\/turismo\/wp-content\/uploads\/2017\/04\/cruceiro-de-san-salvador-de-maceira-columna-300x188.jpg 300w, https:\/\/luagris.net\/turismo\/wp-content\/uploads\/2017\/04\/cruceiro-de-san-salvador-de-maceira-columna-768x480.jpg 768w, https:\/\/luagris.net\/turismo\/wp-content\/uploads\/2017\/04\/cruceiro-de-san-salvador-de-maceira-columna.jpg 800w\" sizes=\"auto, (max-width: 300px) 85vw, 300px\" \/><\/a><figcaption id=\"caption-attachment-283\" class=\"wp-caption-text\">San Salvador de Maceira &#8211; Covelo &#8211; Cruceiro (figuras da columna)<\/figcaption><\/figure>\n<p><strong>Cruceiro de Covelo<\/strong><\/p>\n<p>Na praza situada diante do edificio do Concello e a un lado da igrexa parroquial, at\u00f3pase o Cruceiro do Cristo dos Aflixidos, obra de Xos\u00e9 Cervi\u00f1o. Este mestre canteiro, autor do c\u00e9lebre Cruceiro de H\u00edo (en Cangas), \u00e9 acaso o m\u00e1is afamado autor de cruceiros de Galiza. Dixo del Castelao: &#8220;Calvi\u00f1o foi xenial e revolucionario, capaz de trocar os sinxelos cruceiros en grandes calvarios, ao xeito dos que se erguen na Breta\u00f1a. Estaba posu\u00eddo da s\u00faa xenialidade at\u00e9 o estremo de sa\u00edr m\u00e1is caro pol-o vi\u00f1o que beb\u00eda que pol-o di\u00f1eiro que cobraba&#8221; (<em>As cruces de pedra na Galiza<\/em>, texto citado na web do Concello de Covelo) (Castelao di &#8220;Calvi\u00f1o&#8221; pero \u00e9 a Xos\u00e9 Cervi\u00f1o, tam\u00e9n co\u00f1ecido como Pepe da Pena, a quen se refire.)<\/p>\n<p>A obra est\u00e1 repartida en tres niveis: na parte superior, no extremo da columna, sobre o capitel corintio, o Cristo morto, nunha cruz de brazos cil\u00edndricos, como a de Maceira. No env\u00e9s, como \u00e9 habitual, a Virxe Dolorosa.<\/p>\n<figure id=\"attachment_287\" aria-describedby=\"caption-attachment-287\" style=\"width: 173px\" class=\"wp-caption alignnone\"><a href=\"http:\/\/luagris.net\/turismo\/wp-content\/uploads\/2017\/04\/cruceiro-de-covelo-cristo.jpg\"><img loading=\"lazy\" decoding=\"async\" src=\"http:\/\/luagris.net\/turismo\/wp-content\/uploads\/2017\/04\/cruceiro-de-covelo-cristo-173x300.jpg\" alt=\"\" width=\"173\" height=\"300\" class=\"size-medium wp-image-287\" srcset=\"https:\/\/luagris.net\/turismo\/wp-content\/uploads\/2017\/04\/cruceiro-de-covelo-cristo-173x300.jpg 173w, https:\/\/luagris.net\/turismo\/wp-content\/uploads\/2017\/04\/cruceiro-de-covelo-cristo.jpg 259w\" sizes=\"auto, (max-width: 173px) 85vw, 173px\" \/><\/a><figcaption id=\"caption-attachment-287\" class=\"wp-caption-text\">Cruceiro de Covelo (Cristo)<\/figcaption><\/figure>\n<p>Ao p\u00e9 da columna, cil\u00edndrica, Ad\u00e1n e Eva expulsados do Para\u00edso, sobre unha pea\u00f1a adosada nun lateral da columna.<\/p>\n<figure id=\"attachment_288\" aria-describedby=\"caption-attachment-288\" style=\"width: 224px\" class=\"wp-caption alignnone\"><a href=\"http:\/\/luagris.net\/turismo\/wp-content\/uploads\/2017\/04\/cruceiro-de-covelo-adan-e-eva.jpg\"><img loading=\"lazy\" decoding=\"async\" src=\"http:\/\/luagris.net\/turismo\/wp-content\/uploads\/2017\/04\/cruceiro-de-covelo-adan-e-eva-224x300.jpg\" alt=\"\" width=\"224\" height=\"300\" class=\"size-medium wp-image-288\" srcset=\"https:\/\/luagris.net\/turismo\/wp-content\/uploads\/2017\/04\/cruceiro-de-covelo-adan-e-eva-224x300.jpg 224w, https:\/\/luagris.net\/turismo\/wp-content\/uploads\/2017\/04\/cruceiro-de-covelo-adan-e-eva.jpg 336w\" sizes=\"auto, (max-width: 224px) 85vw, 224px\" \/><\/a><figcaption id=\"caption-attachment-288\" class=\"wp-caption-text\">Cruceiro de Covelo (Ad\u00e1n e Eva)<\/figcaption><\/figure>\n<p>O cruceiro est\u00e1 situado sobre unha grande base. Encima desta base, catro figuras de bo tama\u00f1o representan a agricultura, a industria, a xustiza e as artes, alegor\u00edas profanas que representan o progreso. Estas figuras fan do cruceiro unha obra \u00fanica en Galiza xa que non hai outro caso de representaci\u00f3ns profanas en cruceiros. Existen, por\u00e9n outras d\u00faas interpretaci\u00f3ns destas figuras: unha, tam\u00e9n profana, que fai referencia \u00e1s artes liberais: a arquitectura, a escultura, a pintura e a m\u00fasica e unha \u00faltima que as sit\u00faa no estrito marco da imaxiner\u00eda relixiosa, asign\u00e1ndolles a representaci\u00f3n das catro virtudes cardinais: fortaleza, temperanza, xustiza e prudencia.<\/p>\n<figure id=\"attachment_289\" aria-describedby=\"caption-attachment-289\" style=\"width: 300px\" class=\"wp-caption alignnone\"><a href=\"http:\/\/luagris.net\/turismo\/wp-content\/uploads\/2017\/04\/cruceiro-de-covelo-pe.jpg\"><img loading=\"lazy\" decoding=\"async\" src=\"http:\/\/luagris.net\/turismo\/wp-content\/uploads\/2017\/04\/cruceiro-de-covelo-pe-300x274.jpg\" alt=\"\" width=\"300\" height=\"274\" class=\"size-medium wp-image-289\" srcset=\"https:\/\/luagris.net\/turismo\/wp-content\/uploads\/2017\/04\/cruceiro-de-covelo-pe-300x274.jpg 300w, https:\/\/luagris.net\/turismo\/wp-content\/uploads\/2017\/04\/cruceiro-de-covelo-pe.jpg 492w\" sizes=\"auto, (max-width: 300px) 85vw, 300px\" \/><\/a><figcaption id=\"caption-attachment-289\" class=\"wp-caption-text\">Cruceiro de Covelo (alegor\u00edas)<\/figcaption><\/figure>\n<p><strong>Santo Estevo de Castel\u00e1ns<\/strong><\/p>\n<p>Esta pequena igrexa est\u00e1 situada ao sur da cabeceira do concello. Data do s\u00e9culo XVIII, en concreto de 1766, ano en que foi derru\u00edda unha antiga ermida adicada a Santa Ana que hab\u00eda no lugar. O templo conserva os chans de pedra e foille retirado o cal das paredes deixando a pedra \u00e1 vista. A nave ten b\u00f3veda de can\u00f3n lixeiramente apuntada e o teito de madeira e cemento est\u00e1 encalado.<\/p>\n<p>O retablo e a capela principal foron reconstru\u00eddas tras un derrubamento acontecido nos anos 70 do s\u00e9culo pasado.<\/p>\n<figure id=\"attachment_291\" aria-describedby=\"caption-attachment-291\" style=\"width: 225px\" class=\"wp-caption alignnone\"><a href=\"http:\/\/luagris.net\/turismo\/wp-content\/uploads\/2017\/04\/santo-estevo-de-castel\u00e1ns.jpg\"><img loading=\"lazy\" decoding=\"async\" src=\"http:\/\/luagris.net\/turismo\/wp-content\/uploads\/2017\/04\/santo-estevo-de-castel\u00e1ns-225x300.jpg\" alt=\"\" width=\"225\" height=\"300\" class=\"size-medium wp-image-291\" srcset=\"https:\/\/luagris.net\/turismo\/wp-content\/uploads\/2017\/04\/santo-estevo-de-castel\u00e1ns-225x300.jpg 225w, https:\/\/luagris.net\/turismo\/wp-content\/uploads\/2017\/04\/santo-estevo-de-castel\u00e1ns.jpg 338w\" sizes=\"auto, (max-width: 225px) 85vw, 225px\" \/><\/a><figcaption id=\"caption-attachment-291\" class=\"wp-caption-text\">Santo Estevo de Castel\u00e1ns &#8211; Covelo<\/figcaption><\/figure>\n<p>No interior da igrexa destaca unha t\u00e1boa de \u00e1nimas que puido pertencer a un dos retablos perdidos e unha p\u00eda bautismal policromada. A car\u00f3n da igrexa hai un clube social onde estaba reunido un animado grupo de veci\u00f1os e veci\u00f1as. Al\u00ed preguntamos e unha das veci\u00f1as, que ti\u00f1a a chave, abriunos o templo e contounos algunhas destas cousas.<\/p>\n<p><strong>Conxunto parroquial de Barciademera<\/strong><\/p>\n<p>Existen referencias \u00e1 actividade relixiosa en Barciademera (escrito todo xunto ou, tam\u00e9n, separado) desde o s\u00e9culo XII. Houbo na contorna da igrexa actual un mosteiro dos monxes bernardos, dependente do de Mel\u00f3n, pero as terras foron cedidas no s\u00e9culo XVII ao Condado de Salvaterra. A finais do s\u00e9culo anterior hai constancia de que o estado da igrexa era deplorable. A partir de 1616, cando as achegas monetarias desde as colonias americanas comezan a facer prosperar novamente os templos, in\u00edcianse os proxectos de construci\u00f3n da actual igrexa parroquial de San Marti\u00f1o. Os traballos da f\u00e1brica comezan en 1676 e desenvolveranse en d\u00faas fases: na primeira, at\u00e9 1733, \u00e9rguese a maior parte do templo. A segunda etapa remata sete anos m\u00e1is tarde e incl\u00fae a construci\u00f3n das b\u00f3vedas, da cuberta e mais da sancrist\u00eda. En 1992 realizouse unha restauraci\u00f3n das pinturas e das cubertas.<\/p>\n<figure id=\"attachment_293\" aria-describedby=\"caption-attachment-293\" style=\"width: 259px\" class=\"wp-caption alignnone\"><a href=\"http:\/\/luagris.net\/turismo\/wp-content\/uploads\/2017\/04\/san-marti\u00f1o-de-barciademera-fachada.jpg\"><img loading=\"lazy\" decoding=\"async\" src=\"http:\/\/luagris.net\/turismo\/wp-content\/uploads\/2017\/04\/san-marti\u00f1o-de-barciademera-fachada-259x300.jpg\" alt=\"\" width=\"259\" height=\"300\" class=\"size-medium wp-image-293\" srcset=\"https:\/\/luagris.net\/turismo\/wp-content\/uploads\/2017\/04\/san-marti\u00f1o-de-barciademera-fachada-259x300.jpg 259w, https:\/\/luagris.net\/turismo\/wp-content\/uploads\/2017\/04\/san-marti\u00f1o-de-barciademera-fachada.jpg 432w\" sizes=\"auto, (max-width: 259px) 85vw, 259px\" \/><\/a><figcaption id=\"caption-attachment-293\" class=\"wp-caption-text\">Barciademera &#8211; Covelo &#8211; Igrexa parroquial de San Marti\u00f1o (Fachada)<\/figcaption><\/figure>\n<p>Todo o templo \u00e9 barroco. Na fachada, sobre a porta rectangular enmarcada en pilastras, unha fornela acolle a imaxe de San Marti\u00f1o cos atributos episcopais. Sobre a imaxe, unha vent\u00e1, enmarcada tam\u00e9n en pilastras semellantes \u00e1s da porta pero m\u00e1is pequenas. Todos os elementos te\u00f1en pequenas decoraci\u00f3ns vexetais e os t\u00edpicos remates piramidais con esferas. No remate da fachada, nunha pequena fornela con remate venerado, unha imaxe de Santa B\u00e1rbara.<\/p>\n<figure id=\"attachment_311\" aria-describedby=\"caption-attachment-311\" style=\"width: 300px\" class=\"wp-caption alignnone\"><a href=\"http:\/\/luagris.net\/turismo\/wp-content\/uploads\/2017\/04\/san-marti\u00f1o-de-barciademera-san-marti\u00f1o-na-fachada.jpg\"><img loading=\"lazy\" decoding=\"async\" src=\"http:\/\/luagris.net\/turismo\/wp-content\/uploads\/2017\/04\/san-marti\u00f1o-de-barciademera-san-marti\u00f1o-na-fachada-300x227.jpg\" alt=\"\" width=\"300\" height=\"227\" class=\"size-medium wp-image-311\" srcset=\"https:\/\/luagris.net\/turismo\/wp-content\/uploads\/2017\/04\/san-marti\u00f1o-de-barciademera-san-marti\u00f1o-na-fachada-300x227.jpg 300w, https:\/\/luagris.net\/turismo\/wp-content\/uploads\/2017\/04\/san-marti\u00f1o-de-barciademera-san-marti\u00f1o-na-fachada.jpg 450w\" sizes=\"auto, (max-width: 300px) 85vw, 300px\" \/><\/a><figcaption id=\"caption-attachment-311\" class=\"wp-caption-text\">Barciademera &#8211; Covelo &#8211; Igrexa de San Marti\u00f1o (Imaxe do santo na fachada)<\/figcaption><\/figure>\n<figure id=\"attachment_312\" aria-describedby=\"caption-attachment-312\" style=\"width: 300px\" class=\"wp-caption alignnone\"><a href=\"http:\/\/luagris.net\/turismo\/wp-content\/uploads\/2017\/04\/san-marti\u00f1o-de-barciademera-santa-b\u00e1rbara-na-fachada.jpg\"><img loading=\"lazy\" decoding=\"async\" src=\"http:\/\/luagris.net\/turismo\/wp-content\/uploads\/2017\/04\/san-marti\u00f1o-de-barciademera-santa-b\u00e1rbara-na-fachada-300x275.jpg\" alt=\"\" width=\"300\" height=\"275\" class=\"size-medium wp-image-312\" srcset=\"https:\/\/luagris.net\/turismo\/wp-content\/uploads\/2017\/04\/san-marti\u00f1o-de-barciademera-santa-b\u00e1rbara-na-fachada-300x275.jpg 300w, https:\/\/luagris.net\/turismo\/wp-content\/uploads\/2017\/04\/san-marti\u00f1o-de-barciademera-santa-b\u00e1rbara-na-fachada.jpg 450w\" sizes=\"auto, (max-width: 300px) 85vw, 300px\" \/><\/a><figcaption id=\"caption-attachment-312\" class=\"wp-caption-text\">Barciademera &#8211; Covelo &#8211; Igrexa de San Marti\u00f1o (Imaxe de Santa B\u00e1rbara na fachada)<\/figcaption><\/figure>\n<p>A planta do templo \u00e9 de cruz latina, cunha capela maior bastante grande, do mesmo largo que o da nave pero m\u00e1is alta. \u00c9 de factura esvelta, con b\u00f3vedas de cruzar\u00eda estrelada. A nave est\u00e1 dividida en dous tramos de diferente lonxitude separados por arcos faix\u00f3ns. Ten decoraci\u00f3n de policrom\u00eda, restaurada nos traballos de finais do s\u00e9culo XX. Na imaxe seguinte pode apreciarse ao fondo a diferenza de altura entre a nave e a capela maior.<\/p>\n<figure id=\"attachment_294\" aria-describedby=\"caption-attachment-294\" style=\"width: 300px\" class=\"wp-caption alignnone\"><a href=\"http:\/\/luagris.net\/turismo\/wp-content\/uploads\/2017\/04\/san-marti\u00f1o-de-barciademera-nave.jpg\"><img loading=\"lazy\" decoding=\"async\" src=\"http:\/\/luagris.net\/turismo\/wp-content\/uploads\/2017\/04\/san-marti\u00f1o-de-barciademera-nave-300x160.jpg\" alt=\"\" width=\"300\" height=\"160\" class=\"size-medium wp-image-294\" srcset=\"https:\/\/luagris.net\/turismo\/wp-content\/uploads\/2017\/04\/san-marti\u00f1o-de-barciademera-nave-300x160.jpg 300w, https:\/\/luagris.net\/turismo\/wp-content\/uploads\/2017\/04\/san-marti\u00f1o-de-barciademera-nave.jpg 600w\" sizes=\"auto, (max-width: 300px) 85vw, 300px\" \/><\/a><figcaption id=\"caption-attachment-294\" class=\"wp-caption-text\">Barciademera &#8211; Covelo &#8211; Igrexa de San Marti\u00f1o (nave) (faga clic para ampliar)<\/figcaption><\/figure>\n<p>As claves est\u00e1n decoradas con baixorrelevos e policromadas. Repres\u00e9ntanse nelas cinco personaxes: San Marti\u00f1o con b\u00e1culo e mitra e os padres da Igrexa: San Xerome, Santo Ambrosio, San Gregorio e Santo Agosti\u00f1o.<\/p>\n<figure id=\"attachment_295\" aria-describedby=\"caption-attachment-295\" style=\"width: 287px\" class=\"wp-caption alignnone\"><a href=\"http:\/\/luagris.net\/turismo\/wp-content\/uploads\/2017\/04\/san-marti\u00f1o-de-barciademera-clave-de-san-marti\u00f1o.jpg\"><img loading=\"lazy\" decoding=\"async\" src=\"http:\/\/luagris.net\/turismo\/wp-content\/uploads\/2017\/04\/san-marti\u00f1o-de-barciademera-clave-de-san-marti\u00f1o-287x300.jpg\" alt=\"\" width=\"287\" height=\"300\" class=\"size-medium wp-image-295\" srcset=\"https:\/\/luagris.net\/turismo\/wp-content\/uploads\/2017\/04\/san-marti\u00f1o-de-barciademera-clave-de-san-marti\u00f1o-287x300.jpg 287w, https:\/\/luagris.net\/turismo\/wp-content\/uploads\/2017\/04\/san-marti\u00f1o-de-barciademera-clave-de-san-marti\u00f1o.jpg 382w\" sizes=\"auto, (max-width: 287px) 85vw, 287px\" \/><\/a><figcaption id=\"caption-attachment-295\" class=\"wp-caption-text\">Barciademera &#8211; Covelo &#8211; Igrexa de San Marti\u00f1o (clave de San Marti\u00f1o)<\/figcaption><\/figure>\n<p>Todo o templo ten interesantes retablos cheos de cor. Nos laterais da nave, dous retablos enfrontados est\u00e1n adicados respectivamente \u00e1 Virxe do Carme e a San Xos\u00e9. Son an\u00e1logos, diferenci\u00e1ndose notablemente pola paleta crom\u00e1tica. No da Virxe do Carme aparecen tam\u00e9n os santos xesuitas Ignacio de Loiola e Francisco Xavier. San Xos\u00e9 est\u00e1 acompa\u00f1ado por San Brais e San Roque. Non se co\u00f1ece o autor destes retablos pero te\u00f1en unha inscrici\u00f3n que data a s\u00faa f\u00e1brica en 1808.<\/p>\n<figure id=\"attachment_296\" aria-describedby=\"caption-attachment-296\" style=\"width: 225px\" class=\"wp-caption alignnone\"><a href=\"http:\/\/luagris.net\/turismo\/wp-content\/uploads\/2017\/04\/san-marti\u00f1o-de-barciademera-retablo-de-san-xos\u00e9.jpg\"><img loading=\"lazy\" decoding=\"async\" src=\"http:\/\/luagris.net\/turismo\/wp-content\/uploads\/2017\/04\/san-marti\u00f1o-de-barciademera-retablo-de-san-xos\u00e9-225x300.jpg\" alt=\"\" width=\"225\" height=\"300\" class=\"size-medium wp-image-296\" srcset=\"https:\/\/luagris.net\/turismo\/wp-content\/uploads\/2017\/04\/san-marti\u00f1o-de-barciademera-retablo-de-san-xos\u00e9-225x300.jpg 225w, https:\/\/luagris.net\/turismo\/wp-content\/uploads\/2017\/04\/san-marti\u00f1o-de-barciademera-retablo-de-san-xos\u00e9.jpg 338w\" sizes=\"auto, (max-width: 225px) 85vw, 225px\" \/><\/a><figcaption id=\"caption-attachment-296\" class=\"wp-caption-text\">Barciademera &#8211; Covelo &#8211; Igrexa de San Marti\u00f1o (retablo de San Xos\u00e9)<\/figcaption><\/figure>\n<figure id=\"attachment_297\" aria-describedby=\"caption-attachment-297\" style=\"width: 225px\" class=\"wp-caption alignnone\"><a href=\"http:\/\/luagris.net\/turismo\/wp-content\/uploads\/2017\/04\/san-marti\u00f1o-de-barciademera-retablo-do-carme.jpg\"><img loading=\"lazy\" decoding=\"async\" src=\"http:\/\/luagris.net\/turismo\/wp-content\/uploads\/2017\/04\/san-marti\u00f1o-de-barciademera-retablo-do-carme-225x300.jpg\" alt=\"\" width=\"225\" height=\"300\" class=\"size-medium wp-image-297\" srcset=\"https:\/\/luagris.net\/turismo\/wp-content\/uploads\/2017\/04\/san-marti\u00f1o-de-barciademera-retablo-do-carme-225x300.jpg 225w, https:\/\/luagris.net\/turismo\/wp-content\/uploads\/2017\/04\/san-marti\u00f1o-de-barciademera-retablo-do-carme.jpg 338w\" sizes=\"auto, (max-width: 225px) 85vw, 225px\" \/><\/a><figcaption id=\"caption-attachment-297\" class=\"wp-caption-text\">Barciademera &#8211; Covelo &#8211; Igrexa de San Marti\u00f1o (retablo do Carme)<\/figcaption><\/figure>\n<p>No brazo sur do cruceiro hai un fermoso altar e retablo da Virxe do Rosario no que a Virxe aparece acompa\u00f1ada, nas fornelas das r\u00faas laterais, polas imaxes de seus pais, San Xoaqu\u00edn e Santa Ana.<\/p>\n<figure id=\"attachment_298\" aria-describedby=\"caption-attachment-298\" style=\"width: 225px\" class=\"wp-caption alignnone\"><a href=\"http:\/\/luagris.net\/turismo\/wp-content\/uploads\/2017\/04\/san-marti\u00f1o-de-barciademera-retablo-do-rosario.jpg\"><img loading=\"lazy\" decoding=\"async\" src=\"http:\/\/luagris.net\/turismo\/wp-content\/uploads\/2017\/04\/san-marti\u00f1o-de-barciademera-retablo-do-rosario-225x300.jpg\" alt=\"\" width=\"225\" height=\"300\" class=\"size-medium wp-image-298\" srcset=\"https:\/\/luagris.net\/turismo\/wp-content\/uploads\/2017\/04\/san-marti\u00f1o-de-barciademera-retablo-do-rosario-225x300.jpg 225w, https:\/\/luagris.net\/turismo\/wp-content\/uploads\/2017\/04\/san-marti\u00f1o-de-barciademera-retablo-do-rosario.jpg 500w\" sizes=\"auto, (max-width: 225px) 85vw, 225px\" \/><\/a><figcaption id=\"caption-attachment-298\" class=\"wp-caption-text\">Barciademera &#8211; Covelo &#8211; Igrexa de San Marti\u00f1o (altar e retablo da Virxe do Rosario)<\/figcaption><\/figure>\n<p>No brazo norte do cruceiro sit\u00faase o altar e retablo de \u00c1nimas ou do Santo Cristo. Tanto este retablo como o anterior son obra do mestre Francisco Alonso de Castro, veci\u00f1o de Porri\u00f1o, autor tam\u00e9n do retablo das reliquias da Catedral de Tui.<\/p>\n<p>O Cristo, de tama\u00f1o case natural, aparece no centro do retablo, enmarcado nunha profusa decoraci\u00f3n dourada e policromada con motivos vexetais. No centro, debaixo do Crucificado, un altorrelevo das \u00c1nimas. Nas fornelas laterais hai unha imaxe de San Xo\u00e1n e outra de San L\u00e1zaro que, a todas luces, non corresponde aqu\u00ed. No seu lugar debeu haber en orixe unha Virxe Dolorosa.<\/p>\n<figure id=\"attachment_299\" aria-describedby=\"caption-attachment-299\" style=\"width: 225px\" class=\"wp-caption alignnone\"><a href=\"http:\/\/luagris.net\/turismo\/wp-content\/uploads\/2017\/04\/san-marti\u00f1o-de-barciademera-retablo-de-\u00e1nimas.jpg\"><img loading=\"lazy\" decoding=\"async\" src=\"http:\/\/luagris.net\/turismo\/wp-content\/uploads\/2017\/04\/san-marti\u00f1o-de-barciademera-retablo-de-\u00e1nimas-225x300.jpg\" alt=\"\" width=\"225\" height=\"300\" class=\"size-medium wp-image-299\" srcset=\"https:\/\/luagris.net\/turismo\/wp-content\/uploads\/2017\/04\/san-marti\u00f1o-de-barciademera-retablo-de-\u00e1nimas-225x300.jpg 225w, https:\/\/luagris.net\/turismo\/wp-content\/uploads\/2017\/04\/san-marti\u00f1o-de-barciademera-retablo-de-\u00e1nimas.jpg 500w\" sizes=\"auto, (max-width: 225px) 85vw, 225px\" \/><\/a><figcaption id=\"caption-attachment-299\" class=\"wp-caption-text\">Barciademera &#8211; Covelo &#8211; Igrexa de San Marti\u00f1o (altar e retablo de \u00c1nimas ou do Santo Cristo)<\/figcaption><\/figure>\n<p>Para poder visitar a igrexa houbemos achegarnos un pouco antes da hora da misa, o domingo pola ma\u00f1\u00e1. <\/p>\n<p>Nesta igrexa desenv\u00f3lvese no ver\u00e1n un ciclo de concertos, iniciativa do cura con quen tivemos ocasi\u00f3n de conversar. Un home novo, amable e interesado en darlle vida \u00e1 comunidade e ao templo.<\/p>\n<p>Contigua \u00e1 igrexa at\u00f3pase a que fora casa reitoral. O edificio ten unha fachada barroca moi decorada. A casa est\u00e1 abandonada.<\/p>\n<figure id=\"attachment_300\" aria-describedby=\"caption-attachment-300\" style=\"width: 300px\" class=\"wp-caption alignnone\"><a href=\"http:\/\/luagris.net\/turismo\/wp-content\/uploads\/2017\/04\/barciademera-reitoral.jpg\"><img loading=\"lazy\" decoding=\"async\" src=\"http:\/\/luagris.net\/turismo\/wp-content\/uploads\/2017\/04\/barciademera-reitoral-300x250.jpg\" alt=\"\" width=\"300\" height=\"250\" class=\"size-medium wp-image-300\" srcset=\"https:\/\/luagris.net\/turismo\/wp-content\/uploads\/2017\/04\/barciademera-reitoral-300x250.jpg 300w, https:\/\/luagris.net\/turismo\/wp-content\/uploads\/2017\/04\/barciademera-reitoral.jpg 500w\" sizes=\"auto, (max-width: 300px) 85vw, 300px\" \/><\/a><figcaption id=\"caption-attachment-300\" class=\"wp-caption-text\">Barciademera &#8211; Covelo &#8211; Reitoral<\/figcaption><\/figure>\n<p><strong>Baldomar<\/strong><\/p>\n<p>Por \u00faltimo, faremos menci\u00f3n a d\u00faas pezas interesantes situadas neste lugar ao sur do n\u00facleo de Covelo. En primeiro termo, no cami\u00f1o de acceso \u00e1 igrexa de Santa Mari\u00f1a, un cruceiro de interesante factura. A cruz, como nos anteriores, \u00e9 de brazos cil\u00edndricos. Na parte dianteira, o cristo xa morto tam\u00e9n est\u00e1 acompa\u00f1ado polo anxo que lle brinda o c\u00e1liz. No env\u00e9s, a imaxe da Virxe Dolorosa. Dous personaxes aparecen sobre a Virxe pero corresponden \u00e1 parte dianteira da escultura: un co martelo e o outro que ten na man o INRI que v\u00e9n de retirar da cruz.<\/p>\n<figure id=\"attachment_301\" aria-describedby=\"caption-attachment-301\" style=\"width: 212px\" class=\"wp-caption alignnone\"><a href=\"http:\/\/luagris.net\/turismo\/wp-content\/uploads\/2017\/04\/nosa-se\u00f1ora-ao-p\u00e9-da-cruz-baldomar-cruceiro-cristo.jpg\"><img loading=\"lazy\" decoding=\"async\" src=\"http:\/\/luagris.net\/turismo\/wp-content\/uploads\/2017\/04\/nosa-se\u00f1ora-ao-p\u00e9-da-cruz-baldomar-cruceiro-cristo-212x300.jpg\" alt=\"\" width=\"212\" height=\"300\" class=\"size-medium wp-image-301\" srcset=\"https:\/\/luagris.net\/turismo\/wp-content\/uploads\/2017\/04\/nosa-se\u00f1ora-ao-p\u00e9-da-cruz-baldomar-cruceiro-cristo-212x300.jpg 212w, https:\/\/luagris.net\/turismo\/wp-content\/uploads\/2017\/04\/nosa-se\u00f1ora-ao-p\u00e9-da-cruz-baldomar-cruceiro-cristo.jpg 318w\" sizes=\"auto, (max-width: 212px) 85vw, 212px\" \/><\/a><figcaption id=\"caption-attachment-301\" class=\"wp-caption-text\">Nosa Se\u00f1ora ao p\u00e9 da Cruz &#8211; Baldomar &#8211; Covelo &#8211; Cruceiro (Cristo)<\/figcaption><\/figure>\n<figure id=\"attachment_302\" aria-describedby=\"caption-attachment-302\" style=\"width: 223px\" class=\"wp-caption alignnone\"><a href=\"http:\/\/luagris.net\/turismo\/wp-content\/uploads\/2017\/04\/nosa-se\u00f1ora-ao-p\u00e9-da-cruz-baldomar-cruceiro-env\u00e9s.jpg\"><img loading=\"lazy\" decoding=\"async\" src=\"http:\/\/luagris.net\/turismo\/wp-content\/uploads\/2017\/04\/nosa-se\u00f1ora-ao-p\u00e9-da-cruz-baldomar-cruceiro-env\u00e9s-223x300.jpg\" alt=\"\" width=\"223\" height=\"300\" class=\"size-medium wp-image-302\" srcset=\"https:\/\/luagris.net\/turismo\/wp-content\/uploads\/2017\/04\/nosa-se\u00f1ora-ao-p\u00e9-da-cruz-baldomar-cruceiro-env\u00e9s-223x300.jpg 223w, https:\/\/luagris.net\/turismo\/wp-content\/uploads\/2017\/04\/nosa-se\u00f1ora-ao-p\u00e9-da-cruz-baldomar-cruceiro-env\u00e9s.jpg 335w\" sizes=\"auto, (max-width: 223px) 85vw, 223px\" \/><\/a><figcaption id=\"caption-attachment-302\" class=\"wp-caption-text\">Nosa Se\u00f1ora ao p\u00e9 da Cruz &#8211; Baldomar &#8211; Covelo &#8211; Cruceiro (env\u00e9s)<\/figcaption><\/figure>\n<p>A columna comeza circular pero despois faise hexagonal. Remata nun capitel piramidal invertido con decoraci\u00f3n de follas de acanto e volutas. <\/p>\n<p>No p\u00e9 da columna, do lado da Dolorosa, unha representaci\u00f3n das \u00c1nimas. Na parte inferior, alg\u00fans rostros aparecen rodeados de lume. Enriba, un grupo m\u00e1is numeroso cos rostros tranquilos mirando case todos cara ao Salvador que se encontra xusto enriba delas. <\/p>\n<figure id=\"attachment_303\" aria-describedby=\"caption-attachment-303\" style=\"width: 223px\" class=\"wp-caption alignnone\"><a href=\"http:\/\/luagris.net\/turismo\/wp-content\/uploads\/2017\/04\/nosa-se\u00f1ora-ao-p\u00e9-da-cruz-baldomar-cruceiro-\u00e1nimas.jpg\"><img loading=\"lazy\" decoding=\"async\" src=\"http:\/\/luagris.net\/turismo\/wp-content\/uploads\/2017\/04\/nosa-se\u00f1ora-ao-p\u00e9-da-cruz-baldomar-cruceiro-\u00e1nimas-223x300.jpg\" alt=\"\" width=\"223\" height=\"300\" class=\"size-medium wp-image-303\" srcset=\"https:\/\/luagris.net\/turismo\/wp-content\/uploads\/2017\/04\/nosa-se\u00f1ora-ao-p\u00e9-da-cruz-baldomar-cruceiro-\u00e1nimas-223x300.jpg 223w, https:\/\/luagris.net\/turismo\/wp-content\/uploads\/2017\/04\/nosa-se\u00f1ora-ao-p\u00e9-da-cruz-baldomar-cruceiro-\u00e1nimas.jpg 500w\" sizes=\"auto, (max-width: 223px) 85vw, 223px\" \/><\/a><figcaption id=\"caption-attachment-303\" class=\"wp-caption-text\">Nosa Se\u00f1ora ao p\u00e9 da Cruz &#8211; Baldomar &#8211; Covelo &#8211; Cruceiro (representaci\u00f3n das \u00c1nimas)<\/figcaption><\/figure>\n<p>Non hai constancia da autor\u00eda do cruceiro pero a s\u00faa similitude co de Maceira permite atribu\u00edlo ao mesmo autor.<\/p>\n<p>Pr\u00f3ximo \u00e1 igrexa de Santa Mari\u00f1a e ao cruceiro, no lugar das \u00d3seas, at\u00f3pase o Santuario da Nosa Se\u00f1ora ao p\u00e9 da Cruz ou igrexa da Santa Cruz. Para poder visitala, acompa\u00f1ounos un veci\u00f1o ao que localizamos na s\u00faa casa, preto do cruceiro. <\/p>\n<p>As primeiras novas deste templo datan de 1711. As obras non rematar\u00e1n at\u00e9 mediado o s\u00e9culo XVIII. Con todo, o culto p\u00fablico non se concede at\u00e9 ben avanzado o s\u00e9culo XIX. Entre 2000 e 2006 f\u00edxose unha restauraci\u00f3n completa do santuario a\u00ednda que os veci\u00f1os comentan que a obra non quedou ben rematada e seguen a ter problemas de humidades na cuberta.<\/p>\n<p>Na fachada chama a atenci\u00f3n o reloxo que ten un mecanismo de contrapesos que pode verse (e escoitarse) dentro do templo. <\/p>\n<figure id=\"attachment_313\" aria-describedby=\"caption-attachment-313\" style=\"width: 300px\" class=\"wp-caption alignnone\"><a href=\"http:\/\/luagris.net\/turismo\/wp-content\/uploads\/2017\/04\/Santa-Cruz-de-Baldomar-m\u00e1quina-do-reloxo.jpg\"><img loading=\"lazy\" decoding=\"async\" src=\"http:\/\/luagris.net\/turismo\/wp-content\/uploads\/2017\/04\/Santa-Cruz-de-Baldomar-m\u00e1quina-do-reloxo-300x226.jpg\" alt=\"\" width=\"300\" height=\"226\" class=\"size-medium wp-image-313\" srcset=\"https:\/\/luagris.net\/turismo\/wp-content\/uploads\/2017\/04\/Santa-Cruz-de-Baldomar-m\u00e1quina-do-reloxo-300x226.jpg 300w, https:\/\/luagris.net\/turismo\/wp-content\/uploads\/2017\/04\/Santa-Cruz-de-Baldomar-m\u00e1quina-do-reloxo.jpg 500w\" sizes=\"auto, (max-width: 300px) 85vw, 300px\" \/><\/a><figcaption id=\"caption-attachment-313\" class=\"wp-caption-text\">Santa Cruz de Baldomar &#8211; m\u00e1quina do reloxo<\/figcaption><\/figure>\n<p>O paso \u00e1 nave est\u00e1 pechado por unha reixar\u00eda de madeira policromada. <\/p>\n<figure id=\"attachment_304\" aria-describedby=\"caption-attachment-304\" style=\"width: 300px\" class=\"wp-caption alignnone\"><a href=\"http:\/\/luagris.net\/turismo\/wp-content\/uploads\/2017\/04\/Santa-Cruz-de-Baldomar-Reixer\u00eda-interior.jpg\"><img loading=\"lazy\" decoding=\"async\" src=\"http:\/\/luagris.net\/turismo\/wp-content\/uploads\/2017\/04\/Santa-Cruz-de-Baldomar-Reixer\u00eda-interior-300x172.jpg\" alt=\"\" width=\"300\" height=\"172\" class=\"size-medium wp-image-304\" srcset=\"https:\/\/luagris.net\/turismo\/wp-content\/uploads\/2017\/04\/Santa-Cruz-de-Baldomar-Reixer\u00eda-interior-300x172.jpg 300w, https:\/\/luagris.net\/turismo\/wp-content\/uploads\/2017\/04\/Santa-Cruz-de-Baldomar-Reixer\u00eda-interior.jpg 600w\" sizes=\"auto, (max-width: 300px) 85vw, 300px\" \/><\/a><figcaption id=\"caption-attachment-304\" class=\"wp-caption-text\">Santa Cruz de Baldomar &#8211; Reixer\u00eda interior<\/figcaption><\/figure>\n<p>A planta \u00e9 de cruz latina. A b\u00f3veda da nave \u00e9 de madeira. A b\u00f3veda do cruceiro \u00e9 de cruzar\u00eda. Os nervios sust\u00e9ntanse en m\u00e9nsulas esquinais. A clave est\u00e1 decorada cun altorrelevo policromado cun sol. Nos cuartos que forman os nervios, pr\u00f3ximos \u00e1 clave, sit\u00faanse unhas pedras talladas e policromadas con representaci\u00f3ns florais en tres delas e, na cuarta, o Esp\u00edrito Santo e unha media l\u00faa.<\/p>\n<figure id=\"attachment_305\" aria-describedby=\"caption-attachment-305\" style=\"width: 300px\" class=\"wp-caption alignnone\"><a href=\"http:\/\/luagris.net\/turismo\/wp-content\/uploads\/2017\/04\/Santa-Cruz-de-Baldomar-clave-do-cruceiro.jpg\"><img loading=\"lazy\" decoding=\"async\" src=\"http:\/\/luagris.net\/turismo\/wp-content\/uploads\/2017\/04\/Santa-Cruz-de-Baldomar-clave-do-cruceiro-300x217.jpg\" alt=\"\" width=\"300\" height=\"217\" class=\"size-medium wp-image-305\" srcset=\"https:\/\/luagris.net\/turismo\/wp-content\/uploads\/2017\/04\/Santa-Cruz-de-Baldomar-clave-do-cruceiro-300x217.jpg 300w, https:\/\/luagris.net\/turismo\/wp-content\/uploads\/2017\/04\/Santa-Cruz-de-Baldomar-clave-do-cruceiro.jpg 500w\" sizes=\"auto, (max-width: 300px) 85vw, 300px\" \/><\/a><figcaption id=\"caption-attachment-305\" class=\"wp-caption-text\">Santa Cruz de Baldomar &#8211; Clave da b\u00f3veda do cruceiro<\/figcaption><\/figure>\n<p>A capela maior, algo m\u00e1is alta que a nave central, ten b\u00f3veda de can\u00f3n con caset\u00f3ns decorados con policrom\u00eda. O retablo, exento, \u00e9 un interesante exemplo de imaxinar\u00eda popular. Todas as figuras son escenas relativas \u00e1 paix\u00f3n de Cristo. <\/p>\n<p>O camar\u00edn central mostra a escena do descendemento, con Cristo nos brazos de s\u00faa nai. Nos laterais, a coroaci\u00f3n de espi\u00f1as e a oraci\u00f3n en Xetseman\u00ed. Na parte traseira, a flaxelaci\u00f3n.<\/p>\n<figure id=\"attachment_308\" aria-describedby=\"caption-attachment-308\" style=\"width: 300px\" class=\"wp-caption alignnone\"><a href=\"http:\/\/luagris.net\/turismo\/wp-content\/uploads\/2017\/04\/Santa-Cruz-de-Baldomar-descendemento.jpg\"><img loading=\"lazy\" decoding=\"async\" src=\"http:\/\/luagris.net\/turismo\/wp-content\/uploads\/2017\/04\/Santa-Cruz-de-Baldomar-descendemento-300x254.jpg\" alt=\"\" width=\"300\" height=\"254\" class=\"size-medium wp-image-308\" srcset=\"https:\/\/luagris.net\/turismo\/wp-content\/uploads\/2017\/04\/Santa-Cruz-de-Baldomar-descendemento-300x254.jpg 300w, https:\/\/luagris.net\/turismo\/wp-content\/uploads\/2017\/04\/Santa-Cruz-de-Baldomar-descendemento.jpg 500w\" sizes=\"auto, (max-width: 300px) 85vw, 300px\" \/><\/a><figcaption id=\"caption-attachment-308\" class=\"wp-caption-text\">Santa Cruz de Baldomar &#8211; Descendemento na parte dianteira do retablo<\/figcaption><\/figure>\n<figure id=\"attachment_307\" aria-describedby=\"caption-attachment-307\" style=\"width: 300px\" class=\"wp-caption alignnone\"><a href=\"http:\/\/luagris.net\/turismo\/wp-content\/uploads\/2017\/04\/Santa-Cruz-de-Baldomar-oraci\u00f3n-en-xetseman\u00ed.jpg\"><img loading=\"lazy\" decoding=\"async\" src=\"http:\/\/luagris.net\/turismo\/wp-content\/uploads\/2017\/04\/Santa-Cruz-de-Baldomar-oraci\u00f3n-en-xetseman\u00ed-300x266.jpg\" alt=\"\" width=\"300\" height=\"266\" class=\"size-medium wp-image-307\" srcset=\"https:\/\/luagris.net\/turismo\/wp-content\/uploads\/2017\/04\/Santa-Cruz-de-Baldomar-oraci\u00f3n-en-xetseman\u00ed-300x266.jpg 300w, https:\/\/luagris.net\/turismo\/wp-content\/uploads\/2017\/04\/Santa-Cruz-de-Baldomar-oraci\u00f3n-en-xetseman\u00ed.jpg 500w\" sizes=\"auto, (max-width: 300px) 85vw, 300px\" \/><\/a><figcaption id=\"caption-attachment-307\" class=\"wp-caption-text\">Santa Cruz de Baldomar &#8211; a oraci\u00f3n no horto de Xetseman\u00ed nun dos laterais do retablo<\/figcaption><\/figure>\n<figure id=\"attachment_306\" aria-describedby=\"caption-attachment-306\" style=\"width: 300px\" class=\"wp-caption alignnone\"><a href=\"http:\/\/luagris.net\/turismo\/wp-content\/uploads\/2017\/04\/Santa-Cruz-de-Baldomar-flaxelaci\u00f3n.jpg\"><img loading=\"lazy\" decoding=\"async\" src=\"http:\/\/luagris.net\/turismo\/wp-content\/uploads\/2017\/04\/Santa-Cruz-de-Baldomar-flaxelaci\u00f3n-300x225.jpg\" alt=\"\" width=\"300\" height=\"225\" class=\"size-medium wp-image-306\" srcset=\"https:\/\/luagris.net\/turismo\/wp-content\/uploads\/2017\/04\/Santa-Cruz-de-Baldomar-flaxelaci\u00f3n-300x225.jpg 300w, https:\/\/luagris.net\/turismo\/wp-content\/uploads\/2017\/04\/Santa-Cruz-de-Baldomar-flaxelaci\u00f3n.jpg 500w\" sizes=\"auto, (max-width: 300px) 85vw, 300px\" \/><\/a><figcaption id=\"caption-attachment-306\" class=\"wp-caption-text\">Santa Cruz de Baldomar &#8211; Flaxelaci\u00f3n na parte posterior do retablo (facer clic para ampliar)<\/figcaption><\/figure>\n<p>Nesta igrexa, como en moitas outras de Galiza, cel\u00e9brase cada ano en Venres Santo a cerimonia do desencravo. O privilexio desta celebraci\u00f3n est\u00e1 na orixe da edificaci\u00f3n do templo.<\/p>\n<p><strong>A paisaxe<\/strong><\/p>\n<p>Igrexas como estas e cruceiros m\u00e1is ou menos interesantes hai en diferentes lugares da Galiza. O que engade interese a estas do concello de Covelo \u00e9 a contorna na que est\u00e1n situadas, na Serra do Su\u00eddo. A paisaxe \u00e9, pois, un elemento fundamental.<\/p>\n<p>Como xa comentei, o noso plan para esta fin de semana era facer sendeirismo pero o tempo non acompa\u00f1ou. Por\u00e9n, aqu\u00ed deixo unhas poucas imaxes da paisaxe na zona. Sempre hai opci\u00f3n de quitar algunha foto.<\/p>\n<figure id=\"attachment_315\" aria-describedby=\"caption-attachment-315\" style=\"width: 300px\" class=\"wp-caption alignnone\"><a href=\"http:\/\/luagris.net\/turismo\/wp-content\/uploads\/2017\/04\/cabalos-salvaxes-na-estrada-preto-de-Barciademera.jpg\"><img loading=\"lazy\" decoding=\"async\" src=\"http:\/\/luagris.net\/turismo\/wp-content\/uploads\/2017\/04\/cabalos-salvaxes-na-estrada-preto-de-Barciademera-300x128.jpg\" alt=\"\" width=\"300\" height=\"128\" class=\"size-medium wp-image-315\" srcset=\"https:\/\/luagris.net\/turismo\/wp-content\/uploads\/2017\/04\/cabalos-salvaxes-na-estrada-preto-de-Barciademera-300x128.jpg 300w, https:\/\/luagris.net\/turismo\/wp-content\/uploads\/2017\/04\/cabalos-salvaxes-na-estrada-preto-de-Barciademera.jpg 500w\" sizes=\"auto, (max-width: 300px) 85vw, 300px\" \/><\/a><figcaption id=\"caption-attachment-315\" class=\"wp-caption-text\">Cabalos salvaxes na estrada preto de Barciademera<\/figcaption><\/figure>\n<figure id=\"attachment_316\" aria-describedby=\"caption-attachment-316\" style=\"width: 300px\" class=\"wp-caption alignnone\"><a href=\"http:\/\/luagris.net\/turismo\/wp-content\/uploads\/2017\/04\/r\u00edo-tea.jpg\"><img loading=\"lazy\" decoding=\"async\" src=\"http:\/\/luagris.net\/turismo\/wp-content\/uploads\/2017\/04\/r\u00edo-tea-300x225.jpg\" alt=\"\" width=\"300\" height=\"225\" class=\"size-medium wp-image-316\" srcset=\"https:\/\/luagris.net\/turismo\/wp-content\/uploads\/2017\/04\/r\u00edo-tea-300x225.jpg 300w, https:\/\/luagris.net\/turismo\/wp-content\/uploads\/2017\/04\/r\u00edo-tea.jpg 550w\" sizes=\"auto, (max-width: 300px) 85vw, 300px\" \/><\/a><figcaption id=\"caption-attachment-316\" class=\"wp-caption-text\">R\u00edo Tea &#8211; Covelo<\/figcaption><\/figure>\n<figure id=\"attachment_317\" aria-describedby=\"caption-attachment-317\" style=\"width: 300px\" class=\"wp-caption alignnone\"><a href=\"http:\/\/luagris.net\/turismo\/wp-content\/uploads\/2017\/04\/cami\u00f1o-desde-barciademera-\u00e1-igrexa-de-san-marti\u00f1o.jpg\"><img loading=\"lazy\" decoding=\"async\" src=\"http:\/\/luagris.net\/turismo\/wp-content\/uploads\/2017\/04\/cami\u00f1o-desde-barciademera-\u00e1-igrexa-de-san-marti\u00f1o-300x225.jpg\" alt=\"\" width=\"300\" height=\"225\" class=\"size-medium wp-image-317\" srcset=\"https:\/\/luagris.net\/turismo\/wp-content\/uploads\/2017\/04\/cami\u00f1o-desde-barciademera-\u00e1-igrexa-de-san-marti\u00f1o-300x225.jpg 300w, https:\/\/luagris.net\/turismo\/wp-content\/uploads\/2017\/04\/cami\u00f1o-desde-barciademera-\u00e1-igrexa-de-san-marti\u00f1o.jpg 500w\" sizes=\"auto, (max-width: 300px) 85vw, 300px\" \/><\/a><figcaption id=\"caption-attachment-317\" class=\"wp-caption-text\">Cami\u00f1o desde Barciademera \u00e1 igrexa de San Marti\u00f1o<\/figcaption><\/figure>\n<figure id=\"attachment_318\" aria-describedby=\"caption-attachment-318\" style=\"width: 300px\" class=\"wp-caption alignnone\"><a href=\"http:\/\/luagris.net\/turismo\/wp-content\/uploads\/2017\/04\/val-do-r\u00edo-al\u00e9n-desde-a-igrexa-de-san-marti\u00f1o.jpg\"><img loading=\"lazy\" decoding=\"async\" src=\"http:\/\/luagris.net\/turismo\/wp-content\/uploads\/2017\/04\/val-do-r\u00edo-al\u00e9n-desde-a-igrexa-de-san-marti\u00f1o-300x225.jpg\" alt=\"\" width=\"300\" height=\"225\" class=\"size-medium wp-image-318\" srcset=\"https:\/\/luagris.net\/turismo\/wp-content\/uploads\/2017\/04\/val-do-r\u00edo-al\u00e9n-desde-a-igrexa-de-san-marti\u00f1o-300x225.jpg 300w, https:\/\/luagris.net\/turismo\/wp-content\/uploads\/2017\/04\/val-do-r\u00edo-al\u00e9n-desde-a-igrexa-de-san-marti\u00f1o.jpg 600w\" sizes=\"auto, (max-width: 300px) 85vw, 300px\" \/><\/a><figcaption id=\"caption-attachment-318\" class=\"wp-caption-text\">Val do r\u00edo Al\u00e9n desde a igrexa de San Marti\u00f1o &#8211; Barciademera &#8211; Covelo<\/figcaption><\/figure>\n<p>https:\/\/drive.google.com\/open?id=1vb511cKbaZt7VtQavXDbmmGOMJU&#038;usp=sharing<\/p>\n","protected":false},"excerpt":{"rendered":"<p>Hai pouco estivemos pasando unha fin de semana en Covelo. Para quen non o saiba, \u00e9 un concello situado ao sur-leste da provincia de Pontevedra, na comarca da Paradanta. A orograf\u00eda do concello \u00e9 a [&hellip;]<\/p>\n","protected":false},"author":3,"featured_media":0,"comment_status":"open","ping_status":"open","sticky":false,"template":"","format":"standard","meta":{"jetpack_post_was_ever_published":false,"_jetpack_newsletter_access":"","_jetpack_dont_email_post_to_subs":false,"_jetpack_newsletter_tier_id":0,"_jetpack_memberships_contains_paywalled_content":false,"_jetpack_memberships_contains_paid_content":false,"footnotes":""},"categories":[111,149,500],"tags":[532,540,536,524,516,518,538,512,502,508,534,530,528,526,504,520,514,522,506,510],"class_list":["post-282","post","type-post","status-publish","format-standard","hentry","category-arquitectura-gl","category-barroco-gl","category-pontevedra","tag-andres-sampedro-fernandez","tag-arciprestado-de-montes-mondariz","tag-asociacion-galega-para-a-cultura-e-a-ecoloxia","tag-baldomar","tag-barcia-de-mera","tag-barciademera","tag-bispado-de-tui","tag-castelao","tag-covelo","tag-cruceiro-de-covelo","tag-cruceiros","tag-estanislao-fernandez-de-la-cigona","tag-mestre-argibay","tag-nosa-senora-ao-pe-da-cruz-de-baldomar","tag-reitoral-de-fofe","tag-san-martino","tag-san-salvador-de-maceira","tag-santa-cruz-de-baldomar","tag-santo-estevo-de-castelans","tag-xose-cervino"],"jetpack_featured_media_url":"","jetpack_sharing_enabled":true,"jetpack_shortlink":"https:\/\/wp.me\/s8v7Zj-covelo","_links":{"self":[{"href":"https:\/\/luagris.net\/turismo\/index.php?rest_route=\/wp\/v2\/posts\/282","targetHints":{"allow":["GET"]}}],"collection":[{"href":"https:\/\/luagris.net\/turismo\/index.php?rest_route=\/wp\/v2\/posts"}],"about":[{"href":"https:\/\/luagris.net\/turismo\/index.php?rest_route=\/wp\/v2\/types\/post"}],"author":[{"embeddable":true,"href":"https:\/\/luagris.net\/turismo\/index.php?rest_route=\/wp\/v2\/users\/3"}],"replies":[{"embeddable":true,"href":"https:\/\/luagris.net\/turismo\/index.php?rest_route=%2Fwp%2Fv2%2Fcomments&post=282"}],"version-history":[{"count":11,"href":"https:\/\/luagris.net\/turismo\/index.php?rest_route=\/wp\/v2\/posts\/282\/revisions"}],"predecessor-version":[{"id":326,"href":"https:\/\/luagris.net\/turismo\/index.php?rest_route=\/wp\/v2\/posts\/282\/revisions\/326"}],"wp:attachment":[{"href":"https:\/\/luagris.net\/turismo\/index.php?rest_route=%2Fwp%2Fv2%2Fmedia&parent=282"}],"wp:term":[{"taxonomy":"category","embeddable":true,"href":"https:\/\/luagris.net\/turismo\/index.php?rest_route=%2Fwp%2Fv2%2Fcategories&post=282"},{"taxonomy":"post_tag","embeddable":true,"href":"https:\/\/luagris.net\/turismo\/index.php?rest_route=%2Fwp%2Fv2%2Ftags&post=282"}],"curies":[{"name":"wp","href":"https:\/\/api.w.org\/{rel}","templated":true}]}}