{"id":242,"date":"2017-03-14T09:43:10","date_gmt":"2017-03-14T09:43:10","guid":{"rendered":"http:\/\/luagris.net\/turismo\/?p=242"},"modified":"2017-03-14T09:43:10","modified_gmt":"2017-03-14T09:43:10","slug":"romanico-en-la-montana-palentina-iii-2","status":"publish","type":"post","link":"https:\/\/luagris.net\/turismo\/?p=242&lang=es","title":{"rendered":"Rom\u00e1nico en la monta\u00f1a palentina (III)"},"content":{"rendered":"<p>(La primera parte de este viaje est\u00e1 contada en las dos entradas previas: <a href=\"\/turismo\/?p=77&#038;lang=es\">parte I<\/a>, <a href=\"\/turismo\/?p=159&#038;lang=es\">parte II<\/a>.)<\/p>\n<p>El plan para el domingo era ir ya por la ma\u00f1ana hasta Fr\u00f3mista pero nos hab\u00edan quedado el s\u00e1bado algunas iglesias que queriamos ver.<\/p>\n<p>As\u00ed que volvimos a tomar la CL-626 en direcci\u00f3n a Cervera de Pisuerga. Para llegar a nuestro destino, poco antes de Cervera de Pisuerga hay que desviar por la carretera P-227 en direcci\u00f3n sureste. Los carteles indican Herrera de Pisuerga. Por esta carretera fuimos hasta Perazancas donde hay dos cosas interesantes: la iglesia de La Asunci\u00f3n y, saliendo de Perazancas hacia el sur, la ermita de San Pelayo.<\/p>\n<p>La iglesia de La Asunci\u00f3n es un templo del siglo XII, en sus or\u00edgenes ten\u00eda una sola nave y un \u00e1bside semicircular. En el siglo XV se ampli\u00f3 a tres naves y se traslad\u00f3 la portada a la cara meridional. En el XVII sufri\u00f3 una nueva modificaci\u00f3n que alter\u1e55 por completo la orientaci\u00f3n del templo. El primitivo \u00e1bside del siglo XII qued\u00f3 adosado al templo como una capilla lateral. <\/p>\n<figure id=\"attachment_214\" aria-describedby=\"caption-attachment-214\" style=\"width: 300px\" class=\"wp-caption alignnone\"><a href=\"http:\/\/luagris.net\/turismo\/wp-content\/uploads\/2017\/03\/la-asuncion.jpg\"><img loading=\"lazy\" decoding=\"async\" src=\"http:\/\/luagris.net\/turismo\/wp-content\/uploads\/2017\/03\/la-asuncion-300x216.jpg\" alt=\"\" width=\"300\" height=\"216\" class=\"size-medium wp-image-214\" srcset=\"https:\/\/luagris.net\/turismo\/wp-content\/uploads\/2017\/03\/la-asuncion-300x216.jpg 300w, https:\/\/luagris.net\/turismo\/wp-content\/uploads\/2017\/03\/la-asuncion.jpg 400w\" sizes=\"auto, (max-width: 300px) 85vw, 300px\" \/><\/a><figcaption id=\"caption-attachment-214\" class=\"wp-caption-text\">La Asunci\u00f3n &#8211; Perazancas &#8211; Palencia<\/figcaption><\/figure>\n<p>La decoraci\u00f3n de la fachada est\u00e1 compuesta por peque\u00f1as figuras de m\u00fasicos, como en el P\u00f3rtico de la Gloria de la Catedral de Santiago. Aqu\u00ed se pueden ver dos fragmentos:<\/p>\n<p><figure id=\"attachment_215\" aria-describedby=\"caption-attachment-215\" style=\"width: 300px\" class=\"wp-caption alignnone\"><a href=\"http:\/\/luagris.net\/turismo\/wp-content\/uploads\/2017\/03\/la-asuncion-musicos.jpg\"><img loading=\"lazy\" decoding=\"async\" src=\"http:\/\/luagris.net\/turismo\/wp-content\/uploads\/2017\/03\/la-asuncion-musicos-300x225.jpg\" alt=\"\" width=\"300\" height=\"225\" class=\"size-medium wp-image-215\" srcset=\"https:\/\/luagris.net\/turismo\/wp-content\/uploads\/2017\/03\/la-asuncion-musicos-300x225.jpg 300w, https:\/\/luagris.net\/turismo\/wp-content\/uploads\/2017\/03\/la-asuncion-musicos-768x576.jpg 768w, https:\/\/luagris.net\/turismo\/wp-content\/uploads\/2017\/03\/la-asuncion-musicos.jpg 800w\" sizes=\"auto, (max-width: 300px) 85vw, 300px\" \/><\/a><figcaption id=\"caption-attachment-215\" class=\"wp-caption-text\">La Asunci\u00f3n &#8211; Perazancas &#8211; Palencia &#8211; m\u00fasicos en la fachada (hacer clic para ampliar)<\/figcaption><\/figure><br \/>\n<figure id=\"attachment_216\" aria-describedby=\"caption-attachment-216\" style=\"width: 300px\" class=\"wp-caption alignnone\"><a href=\"http:\/\/luagris.net\/turismo\/wp-content\/uploads\/2017\/03\/la-asuncion-musicos-II.jpg\"><img loading=\"lazy\" decoding=\"async\" src=\"http:\/\/luagris.net\/turismo\/wp-content\/uploads\/2017\/03\/la-asuncion-musicos-II-300x225.jpg\" alt=\"\" width=\"300\" height=\"225\" class=\"size-medium wp-image-216\" srcset=\"https:\/\/luagris.net\/turismo\/wp-content\/uploads\/2017\/03\/la-asuncion-musicos-II-300x225.jpg 300w, https:\/\/luagris.net\/turismo\/wp-content\/uploads\/2017\/03\/la-asuncion-musicos-II-768x576.jpg 768w, https:\/\/luagris.net\/turismo\/wp-content\/uploads\/2017\/03\/la-asuncion-musicos-II.jpg 800w\" sizes=\"auto, (max-width: 300px) 85vw, 300px\" \/><\/a><figcaption id=\"caption-attachment-216\" class=\"wp-caption-text\">La Asunci\u00f3n &#8211; Perazancas &#8211; Palencia &#8211; m\u00fasicos en la fachada (hacer clic para ampliar)<\/figcaption><\/figure><\/p>\n<p>En cuanto a la peque\u00f1a ermita de San Pelayo, se encuentra en la salida de la poblaci\u00f3n hacia el sur. El edificio data del siglo XI y es uno de los m\u00e1s antiguos de la zona. Aun as\u00ed, debi\u00f3 existir en el mismo emplazamiento un edificio anterior de estilo moz\u00e1rabe. Algunos fragmentos de esta primitiva construci\u00f3n se descubrieron insertos en la f\u00e1brica actual.<\/p>\n<figure id=\"attachment_217\" aria-describedby=\"caption-attachment-217\" style=\"width: 300px\" class=\"wp-caption alignnone\"><a href=\"http:\/\/luagris.net\/turismo\/wp-content\/uploads\/2017\/03\/ermida-de-san-pelayo.jpg\"><img loading=\"lazy\" decoding=\"async\" src=\"http:\/\/luagris.net\/turismo\/wp-content\/uploads\/2017\/03\/ermida-de-san-pelayo-300x191.jpg\" alt=\"\" width=\"300\" height=\"191\" class=\"size-medium wp-image-217\" srcset=\"https:\/\/luagris.net\/turismo\/wp-content\/uploads\/2017\/03\/ermida-de-san-pelayo-300x191.jpg 300w, https:\/\/luagris.net\/turismo\/wp-content\/uploads\/2017\/03\/ermida-de-san-pelayo.jpg 450w\" sizes=\"auto, (max-width: 300px) 85vw, 300px\" \/><\/a><figcaption id=\"caption-attachment-217\" class=\"wp-caption-text\">Ermita de San Pelayo &#8211; Perazancas &#8211; Palencia<\/figcaption><\/figure>\n<p>Aqu\u00ed, un detalle del ajedrezado de la decoraci\u00f3n del \u00e1bside:<\/p>\n<figure id=\"attachment_218\" aria-describedby=\"caption-attachment-218\" style=\"width: 300px\" class=\"wp-caption alignnone\"><a href=\"http:\/\/luagris.net\/turismo\/wp-content\/uploads\/2017\/03\/san-pelayo-absida.jpg\"><img loading=\"lazy\" decoding=\"async\" src=\"http:\/\/luagris.net\/turismo\/wp-content\/uploads\/2017\/03\/san-pelayo-absida-300x225.jpg\" alt=\"\" width=\"300\" height=\"225\" class=\"size-medium wp-image-218\" srcset=\"https:\/\/luagris.net\/turismo\/wp-content\/uploads\/2017\/03\/san-pelayo-absida-300x225.jpg 300w, https:\/\/luagris.net\/turismo\/wp-content\/uploads\/2017\/03\/san-pelayo-absida.jpg 600w\" sizes=\"auto, (max-width: 300px) 85vw, 300px\" \/><\/a><figcaption id=\"caption-attachment-218\" class=\"wp-caption-text\">Ermita de San Pelayo &#8211; Perazancas &#8211; Palencia &#8211; \u00c1bside<\/figcaption><\/figure>\n<p>La fachada de la hermita est\u00e1 situada en los pies. La puerta es moderna y tiene una rendija por la que, a pesar de estar cerrada, se vislumbra el interino en el que se conservan algunas pinturas murales.<\/p>\n<figure id=\"attachment_219\" aria-describedby=\"caption-attachment-219\" style=\"width: 300px\" class=\"wp-caption alignnone\"><a href=\"http:\/\/luagris.net\/turismo\/wp-content\/uploads\/2017\/03\/san-pelayo-interior.jpg\"><img loading=\"lazy\" decoding=\"async\" src=\"http:\/\/luagris.net\/turismo\/wp-content\/uploads\/2017\/03\/san-pelayo-interior-300x225.jpg\" alt=\"\" width=\"300\" height=\"225\" class=\"size-medium wp-image-219\" srcset=\"https:\/\/luagris.net\/turismo\/wp-content\/uploads\/2017\/03\/san-pelayo-interior-300x225.jpg 300w, https:\/\/luagris.net\/turismo\/wp-content\/uploads\/2017\/03\/san-pelayo-interior.jpg 600w\" sizes=\"auto, (max-width: 300px) 85vw, 300px\" \/><\/a><figcaption id=\"caption-attachment-219\" class=\"wp-caption-text\">Ermida de San Pelayo &#8211; Perazancas &#8211; Palencia &#8211; interior<\/figcaption><\/figure>\n<p>Seguimos hacia el sur para llegar nuevamente al cruce con la PP-2131 que, en direcci\u00f3n Aguilar de Campoo, nos llev\u00f3 hasta el desv\u00edo de la PP-2132 hacia el Barrio de Santa Mar\u00eda. Por el camino, en Foldada, est\u00e1 otra de las iglesias que nos llamaron la atenci\u00f3n desde lejos pero no vimos: la iglesia del Salvador.<\/p>\n<figure id=\"attachment_220\" aria-describedby=\"caption-attachment-220\" style=\"width: 300px\" class=\"wp-caption alignnone\"><a href=\"http:\/\/luagris.net\/turismo\/wp-content\/uploads\/2017\/03\/iglesia-del-salvador-foldada.jpg\"><img loading=\"lazy\" decoding=\"async\" src=\"http:\/\/luagris.net\/turismo\/wp-content\/uploads\/2017\/03\/iglesia-del-salvador-foldada-300x187.jpg\" alt=\"\" width=\"300\" height=\"187\" class=\"size-medium wp-image-220\" srcset=\"https:\/\/luagris.net\/turismo\/wp-content\/uploads\/2017\/03\/iglesia-del-salvador-foldada-300x187.jpg 300w, https:\/\/luagris.net\/turismo\/wp-content\/uploads\/2017\/03\/iglesia-del-salvador-foldada.jpg 500w\" sizes=\"auto, (max-width: 300px) 85vw, 300px\" \/><\/a><figcaption id=\"caption-attachment-220\" class=\"wp-caption-text\">Iglesia del Salvador &#8211; Foldada &#8211; Palencia<\/figcaption><\/figure>\n<p>En Barrio de Santa Mar\u00eda hay que visitar la ermita de Santa Eulalia. Es una peque\u00f1a ermita de una sola nave con la portada en el lado norte, de arco ligeramente apuntado con arquivoltas.<\/p>\n<figure id=\"attachment_221\" aria-describedby=\"caption-attachment-221\" style=\"width: 300px\" class=\"wp-caption alignnone\"><a href=\"http:\/\/luagris.net\/turismo\/wp-content\/uploads\/2017\/03\/ermida-de-santa-eulalia.jpg\"><img loading=\"lazy\" decoding=\"async\" src=\"http:\/\/luagris.net\/turismo\/wp-content\/uploads\/2017\/03\/ermida-de-santa-eulalia-300x225.jpg\" alt=\"\" width=\"300\" height=\"225\" class=\"size-medium wp-image-221\" srcset=\"https:\/\/luagris.net\/turismo\/wp-content\/uploads\/2017\/03\/ermida-de-santa-eulalia-300x225.jpg 300w, https:\/\/luagris.net\/turismo\/wp-content\/uploads\/2017\/03\/ermida-de-santa-eulalia.jpg 450w\" sizes=\"auto, (max-width: 300px) 85vw, 300px\" \/><\/a><figcaption id=\"caption-attachment-221\" class=\"wp-caption-text\">Ermida de Santa Eulalia &#8211; Barrio de Santa Mar\u00eda &#8211; Palencia<\/figcaption><\/figure>\n<p>En la decoraci\u00f3n del \u00e1bside, en el peque\u00f1o capitel de una de las ventanas, se puede apreciar la escena de Ad\u00e1n y Eva con la Serpiente.<\/p>\n<figure id=\"attachment_222\" aria-describedby=\"caption-attachment-222\" style=\"width: 300px\" class=\"wp-caption alignnone\"><a href=\"http:\/\/luagris.net\/turismo\/wp-content\/uploads\/2017\/03\/santa-eulalia-adan-y-eva.jpg\"><img loading=\"lazy\" decoding=\"async\" src=\"http:\/\/luagris.net\/turismo\/wp-content\/uploads\/2017\/03\/santa-eulalia-adan-y-eva-300x219.jpg\" alt=\"\" width=\"300\" height=\"219\" class=\"size-medium wp-image-222\" srcset=\"https:\/\/luagris.net\/turismo\/wp-content\/uploads\/2017\/03\/santa-eulalia-adan-y-eva-300x219.jpg 300w, https:\/\/luagris.net\/turismo\/wp-content\/uploads\/2017\/03\/santa-eulalia-adan-y-eva.jpg 600w\" sizes=\"auto, (max-width: 300px) 85vw, 300px\" \/><\/a><figcaption id=\"caption-attachment-222\" class=\"wp-caption-text\">Ermita de Santa Eulalia &#8211; Barrio de Santa Mar\u00eda &#8211; Palencia &#8211; Capitel de Ad\u00e1n y Eva (facer clic para ampliar)<\/figcaption><\/figure>\n<p>El interior de la hermita merece ser visitado. Por dos motivos principales: la decoraci\u00f3n pict\u00f3rica de los muros y la estructura en diferentes niveles. Nosotros no pudimos  entrar pero hay una visita virtual de 360\u00ba haciendo clic <a href=\"http:\/\/www.aguilardecampoo.mimuni.es\/aguilardecampoo\/detalle-guia.html?id=585\">aqu\u00ed<\/a>.<\/p>\n<p>Desepu\u00e9s de ver la hermita, seguimos en direcci\u00f3n Aguilar de Campoo para tomar novamente la N-611 hacia el sur. No soy muy amigo de las v\u00edas de alta capacidad cuando estoy haciendo turismo porque pienso que me pierdo de atravesar las peque\u00f1as poblaciones que, en general, son las que reservan los mejores tesoros. Pero, esta vez, por agilizar el trayecto que ya hab\u00edamos visto el d\u00eda anterior, tomamos un peque\u00f1o tramo de la A-67 hasta la salida de Becerril del Carpio. Desde all\u00ed, volvimos a la N-611 hasta un desv\u00edo a la izquierda que indica Rebolledo de la Torre. Por esta v\u00eda, que se interna un poco en la provincia de Burgos, se llega a esta localidade burgalesa que alberga una interesante iglesia dedicada a los santos Juan y Basilisa. La iglesia no pudimos visitarla por dentro (por problemas de tiempo, supuestamente en el bar del club social de la localidad tienen la llave) pero m\u00e1s interesante est\u00e1 por fuera: una importante galer\u00eda rom\u00e1nica de diez arcos&#8230;<\/p>\n<figure id=\"attachment_223\" aria-describedby=\"caption-attachment-223\" style=\"width: 300px\" class=\"wp-caption alignnone\"><a href=\"http:\/\/luagris.net\/turismo\/wp-content\/uploads\/2017\/03\/santos-juan-y-basilisa-rebolledo-de-la-torre-burgos.jpg\"><img loading=\"lazy\" decoding=\"async\" src=\"http:\/\/luagris.net\/turismo\/wp-content\/uploads\/2017\/03\/santos-juan-y-basilisa-rebolledo-de-la-torre-burgos-300x225.jpg\" alt=\"\" width=\"300\" height=\"225\" class=\"size-medium wp-image-223\" srcset=\"https:\/\/luagris.net\/turismo\/wp-content\/uploads\/2017\/03\/santos-juan-y-basilisa-rebolledo-de-la-torre-burgos-300x225.jpg 300w, https:\/\/luagris.net\/turismo\/wp-content\/uploads\/2017\/03\/santos-juan-y-basilisa-rebolledo-de-la-torre-burgos.jpg 600w\" sizes=\"auto, (max-width: 300px) 85vw, 300px\" \/><\/a><figcaption id=\"caption-attachment-223\" class=\"wp-caption-text\">Santos Juan y Basilisa &#8211; Rebolledo de la Torre &#8211; Burgos<\/figcaption><\/figure>\n<p>Las columnas de la galer\u00eda tienen capiteles minuciosamente decorados con motivos diversos:<\/p>\n<p><figure id=\"attachment_224\" aria-describedby=\"caption-attachment-224\" style=\"width: 300px\" class=\"wp-caption alignnone\"><a href=\"http:\/\/luagris.net\/turismo\/wp-content\/uploads\/2017\/03\/capiteis-I.jpg\"><img loading=\"lazy\" decoding=\"async\" src=\"http:\/\/luagris.net\/turismo\/wp-content\/uploads\/2017\/03\/capiteis-I-300x225.jpg\" alt=\"\" width=\"300\" height=\"225\" class=\"size-medium wp-image-224\" srcset=\"https:\/\/luagris.net\/turismo\/wp-content\/uploads\/2017\/03\/capiteis-I-300x225.jpg 300w, https:\/\/luagris.net\/turismo\/wp-content\/uploads\/2017\/03\/capiteis-I.jpg 400w\" sizes=\"auto, (max-width: 300px) 85vw, 300px\" \/><\/a><figcaption id=\"caption-attachment-224\" class=\"wp-caption-text\">Santos Juan y Basilisa &#8211; Rebolledo de la Torre &#8211; Burgos &#8211; capiteles (I)<\/figcaption><\/figure><br \/>\n<figure id=\"attachment_225\" aria-describedby=\"caption-attachment-225\" style=\"width: 300px\" class=\"wp-caption alignnone\"><a href=\"http:\/\/luagris.net\/turismo\/wp-content\/uploads\/2017\/03\/capiteis-II.jpg\"><img loading=\"lazy\" decoding=\"async\" src=\"http:\/\/luagris.net\/turismo\/wp-content\/uploads\/2017\/03\/capiteis-II-300x225.jpg\" alt=\"\" width=\"300\" height=\"225\" class=\"size-medium wp-image-225\" srcset=\"https:\/\/luagris.net\/turismo\/wp-content\/uploads\/2017\/03\/capiteis-II-300x225.jpg 300w, https:\/\/luagris.net\/turismo\/wp-content\/uploads\/2017\/03\/capiteis-II.jpg 400w\" sizes=\"auto, (max-width: 300px) 85vw, 300px\" \/><\/a><figcaption id=\"caption-attachment-225\" class=\"wp-caption-text\">Santos Juan y Basilisa &#8211; Rebolledo de la Torre &#8211; Burgos &#8211; capiteles (II)<\/figcaption><\/figure><br \/>\n<figure id=\"attachment_226\" aria-describedby=\"caption-attachment-226\" style=\"width: 300px\" class=\"wp-caption alignnone\"><a href=\"http:\/\/luagris.net\/turismo\/wp-content\/uploads\/2017\/03\/capiteis-III.jpg\"><img loading=\"lazy\" decoding=\"async\" src=\"http:\/\/luagris.net\/turismo\/wp-content\/uploads\/2017\/03\/capiteis-III-300x225.jpg\" alt=\"\" width=\"300\" height=\"225\" class=\"size-medium wp-image-226\" srcset=\"https:\/\/luagris.net\/turismo\/wp-content\/uploads\/2017\/03\/capiteis-III-300x225.jpg 300w, https:\/\/luagris.net\/turismo\/wp-content\/uploads\/2017\/03\/capiteis-III.jpg 400w\" sizes=\"auto, (max-width: 300px) 85vw, 300px\" \/><\/a><figcaption id=\"caption-attachment-226\" class=\"wp-caption-text\">Santos Juan y Basilisa &#8211; Rebolledo de la Torre &#8211; Burgos &#8211; capiteles (III)<\/figcaption><\/figure><figure id=\"attachment_227\" aria-describedby=\"caption-attachment-227\" style=\"width: 300px\" class=\"wp-caption alignnone\"><a href=\"http:\/\/luagris.net\/turismo\/wp-content\/uploads\/2017\/03\/capiteis-IV.jpg\"><img loading=\"lazy\" decoding=\"async\" src=\"http:\/\/luagris.net\/turismo\/wp-content\/uploads\/2017\/03\/capiteis-IV-300x225.jpg\" alt=\"\" width=\"300\" height=\"225\" class=\"size-medium wp-image-227\" srcset=\"https:\/\/luagris.net\/turismo\/wp-content\/uploads\/2017\/03\/capiteis-IV-300x225.jpg 300w, https:\/\/luagris.net\/turismo\/wp-content\/uploads\/2017\/03\/capiteis-IV.jpg 400w\" sizes=\"auto, (max-width: 300px) 85vw, 300px\" \/><\/a><figcaption id=\"caption-attachment-227\" class=\"wp-caption-text\">Santos Juan y Basilisa &#8211; Rebolledo de la Torre &#8211; Burgos &#8211; capiteles (IV)<\/figcaption><\/figure><\/p>\n<p>Y tambi\u00e9n son atractivos los canecillos y este curioso capitel de una de las columnas de la estructura general de la galer\u00eda:<\/p>\n<p><figure id=\"attachment_228\" aria-describedby=\"caption-attachment-228\" style=\"width: 300px\" class=\"wp-caption alignnone\"><a href=\"http:\/\/luagris.net\/turismo\/wp-content\/uploads\/2017\/03\/canzorros-I.jpg\"><img loading=\"lazy\" decoding=\"async\" src=\"http:\/\/luagris.net\/turismo\/wp-content\/uploads\/2017\/03\/canzorros-I-300x211.jpg\" alt=\"\" width=\"300\" height=\"211\" class=\"size-medium wp-image-228\" srcset=\"https:\/\/luagris.net\/turismo\/wp-content\/uploads\/2017\/03\/canzorros-I-300x211.jpg 300w, https:\/\/luagris.net\/turismo\/wp-content\/uploads\/2017\/03\/canzorros-I.jpg 450w\" sizes=\"auto, (max-width: 300px) 85vw, 300px\" \/><\/a><figcaption id=\"caption-attachment-228\" class=\"wp-caption-text\">Santos Juan y Basilisa &#8211; Rebolledo de la Torre &#8211; Burgos &#8211; canecillos (I)<\/figcaption><\/figure><br \/>\n<figure id=\"attachment_229\" aria-describedby=\"caption-attachment-229\" style=\"width: 227px\" class=\"wp-caption alignnone\"><a href=\"http:\/\/luagris.net\/turismo\/wp-content\/uploads\/2017\/03\/canzorros-II.jpg\"><img loading=\"lazy\" decoding=\"async\" src=\"http:\/\/luagris.net\/turismo\/wp-content\/uploads\/2017\/03\/canzorros-II-227x300.jpg\" alt=\"\" width=\"227\" height=\"300\" class=\"size-medium wp-image-229\" srcset=\"https:\/\/luagris.net\/turismo\/wp-content\/uploads\/2017\/03\/canzorros-II-227x300.jpg 227w, https:\/\/luagris.net\/turismo\/wp-content\/uploads\/2017\/03\/canzorros-II.jpg 341w\" sizes=\"auto, (max-width: 227px) 85vw, 227px\" \/><\/a><figcaption id=\"caption-attachment-229\" class=\"wp-caption-text\">Santos Juan y Basilisa &#8211; Rebolledo de la Torre &#8211; Burgos &#8211; canecillos (II)<\/figcaption><\/figure><br \/>\n<figure id=\"attachment_230\" aria-describedby=\"caption-attachment-230\" style=\"width: 300px\" class=\"wp-caption alignnone\"><a href=\"http:\/\/luagris.net\/turismo\/wp-content\/uploads\/2017\/03\/canzorros-III.jpg\"><img loading=\"lazy\" decoding=\"async\" src=\"http:\/\/luagris.net\/turismo\/wp-content\/uploads\/2017\/03\/canzorros-III-300x161.jpg\" alt=\"\" width=\"300\" height=\"161\" class=\"size-medium wp-image-230\" srcset=\"https:\/\/luagris.net\/turismo\/wp-content\/uploads\/2017\/03\/canzorros-III-300x161.jpg 300w, https:\/\/luagris.net\/turismo\/wp-content\/uploads\/2017\/03\/canzorros-III.jpg 500w\" sizes=\"auto, (max-width: 300px) 85vw, 300px\" \/><\/a><figcaption id=\"caption-attachment-230\" class=\"wp-caption-text\">Santos Juan y Basilisa &#8211; Rebolledo de la Torre &#8211; Burgos &#8211; canecillos (III)<\/figcaption><\/figure><\/p>\n<p>Desde Rebolledo de la Torre continuamos ya cami\u00f1o al sur donde nos esperaban las dos \u00faltimas paradas del trayecto: Fr\u00f3mista y Palencia capital.<\/p>\n<p>Continuar\u00e1&#8230;<\/p>\n<p>https:\/\/www.google.com\/maps\/d\/u\/0\/embed?mid=1zMsx3xg4Hk947qd0NxrWLdT8U0o<\/p>\n","protected":false},"excerpt":{"rendered":"<p>(La primera parte de este viaje est\u00e1 contada en las dos entradas previas: parte I, parte II.) El plan para el domingo era ir ya por la ma\u00f1ana hasta Fr\u00f3mista pero nos hab\u00edan quedado el [&hellip;]<\/p>\n","protected":false},"author":3,"featured_media":0,"comment_status":"open","ping_status":"open","sticky":false,"template":"","format":"standard","meta":{"jetpack_post_was_ever_published":false,"_jetpack_newsletter_access":"","_jetpack_dont_email_post_to_subs":false,"_jetpack_newsletter_tier_id":0,"_jetpack_memberships_contains_paywalled_content":false,"_jetpack_memberships_contains_paid_content":false,"footnotes":""},"categories":[183,218,243],"tags":[387,389,383,385,391,272,393,395,397],"class_list":["post-242","post","type-post","status-publish","format-standard","hentry","category-arquitectura-es","category-castilla","category-romanico-es","tag-barrio-de-santa-maria-es","tag-burgos-es","tag-ermita-de-san-pelayo","tag-ermita-de-santa-eulalia","tag-iglesia-del-salvador-es","tag-palencia-es","tag-perazancas-es","tag-rebolledo-de-la-torre-es","tag-santos-juan-y-basilisa-es"],"jetpack_featured_media_url":"","jetpack_sharing_enabled":true,"jetpack_shortlink":"https:\/\/wp.me\/p8v7Zj-3U","_links":{"self":[{"href":"https:\/\/luagris.net\/turismo\/index.php?rest_route=\/wp\/v2\/posts\/242","targetHints":{"allow":["GET"]}}],"collection":[{"href":"https:\/\/luagris.net\/turismo\/index.php?rest_route=\/wp\/v2\/posts"}],"about":[{"href":"https:\/\/luagris.net\/turismo\/index.php?rest_route=\/wp\/v2\/types\/post"}],"author":[{"embeddable":true,"href":"https:\/\/luagris.net\/turismo\/index.php?rest_route=\/wp\/v2\/users\/3"}],"replies":[{"embeddable":true,"href":"https:\/\/luagris.net\/turismo\/index.php?rest_route=%2Fwp%2Fv2%2Fcomments&post=242"}],"version-history":[{"count":1,"href":"https:\/\/luagris.net\/turismo\/index.php?rest_route=\/wp\/v2\/posts\/242\/revisions"}],"predecessor-version":[{"id":244,"href":"https:\/\/luagris.net\/turismo\/index.php?rest_route=\/wp\/v2\/posts\/242\/revisions\/244"}],"wp:attachment":[{"href":"https:\/\/luagris.net\/turismo\/index.php?rest_route=%2Fwp%2Fv2%2Fmedia&parent=242"}],"wp:term":[{"taxonomy":"category","embeddable":true,"href":"https:\/\/luagris.net\/turismo\/index.php?rest_route=%2Fwp%2Fv2%2Fcategories&post=242"},{"taxonomy":"post_tag","embeddable":true,"href":"https:\/\/luagris.net\/turismo\/index.php?rest_route=%2Fwp%2Fv2%2Ftags&post=242"}],"curies":[{"name":"wp","href":"https:\/\/api.w.org\/{rel}","templated":true}]}}