{"id":165,"date":"2017-03-13T17:02:15","date_gmt":"2017-03-13T17:02:15","guid":{"rendered":"http:\/\/luagris.net\/turismo\/?p=165"},"modified":"2017-03-14T09:39:24","modified_gmt":"2017-03-14T09:39:24","slug":"romanico-na-montana-palentina-iii","status":"publish","type":"post","link":"https:\/\/luagris.net\/turismo\/?p=165&lang=gl","title":{"rendered":"Rom\u00e1nico na monta\u00f1a palentina (III)"},"content":{"rendered":"<p>(A primeira parte desta viaxe est\u00e1 contada nas d\u00faas entradas previas: <a href=\"\/turismo\/?p=77\">parte I<\/a>, <a href=\"\/turismo\/?p=159\">parte II<\/a>.)<\/p>\n<p>O plan para o domingo era ir xa pola ma\u00f1\u00e1 at\u00e9 Fr\u00f3mista pero qued\u00e1rannos do s\u00e1bado algunhas igrexas que queriamos ver.<\/p>\n<p>Xa que logo, volvemos coller CL-626 en direcci\u00f3n a Cervera de Pisuerga. Para chegar onde queriamos, pouco antes de Cervera de Pisuerga c\u00f3mpre coller a estrada P-227 cara ao surleste. Os carteis indican Herrera de Pisuerga. Por esta estrada fomos at\u00e9 Perazancas onde hai d\u00faas cousas interesantes: a igrexa da Asunci\u00f3n e, sa\u00edndo da aldea cara ao sur, a ermida de San Pelayo.<\/p>\n<p>A igrexa da Asunci\u00f3n \u00e9 un templo do s\u00e9culo XII, en orixe ti\u00f1a unha soa nave e unha \u00e1bsida semicircular. No s\u00e9culo XV ampliouse a tres naves e trasladouse a portada \u00e1 cara meridional. No XVII sufriu unha nova modificaci\u00f3n que alterou por completo a orientaci\u00f3n do templo. A primitiva \u00e1bsida do s\u00e9culo XII quedou adosada ao templo como unha capela lateral. <\/p>\n<figure id=\"attachment_214\" aria-describedby=\"caption-attachment-214\" style=\"width: 300px\" class=\"wp-caption alignnone\"><a href=\"http:\/\/luagris.net\/turismo\/wp-content\/uploads\/2017\/03\/la-asuncion.jpg\"><img loading=\"lazy\" decoding=\"async\" src=\"http:\/\/luagris.net\/turismo\/wp-content\/uploads\/2017\/03\/la-asuncion-300x216.jpg\" alt=\"\" width=\"300\" height=\"216\" class=\"size-medium wp-image-214\" srcset=\"https:\/\/luagris.net\/turismo\/wp-content\/uploads\/2017\/03\/la-asuncion-300x216.jpg 300w, https:\/\/luagris.net\/turismo\/wp-content\/uploads\/2017\/03\/la-asuncion.jpg 400w\" sizes=\"auto, (max-width: 300px) 85vw, 300px\" \/><\/a><figcaption id=\"caption-attachment-214\" class=\"wp-caption-text\">La Asunci\u00f3n &#8211; Perazancas &#8211; Palencia<\/figcaption><\/figure>\n<p>A decoraci\u00f3n da fachada est\u00e1 composta por pequenas figuras de m\u00fasicos, como no P\u00f3rtico da Gloria da Catedral de Santiago. Velaqu\u00ed dous fragmentos:<\/p>\n<p><figure id=\"attachment_215\" aria-describedby=\"caption-attachment-215\" style=\"width: 300px\" class=\"wp-caption alignnone\"><a href=\"http:\/\/luagris.net\/turismo\/wp-content\/uploads\/2017\/03\/la-asuncion-musicos.jpg\"><img loading=\"lazy\" decoding=\"async\" src=\"http:\/\/luagris.net\/turismo\/wp-content\/uploads\/2017\/03\/la-asuncion-musicos-300x225.jpg\" alt=\"\" width=\"300\" height=\"225\" class=\"size-medium wp-image-215\" srcset=\"https:\/\/luagris.net\/turismo\/wp-content\/uploads\/2017\/03\/la-asuncion-musicos-300x225.jpg 300w, https:\/\/luagris.net\/turismo\/wp-content\/uploads\/2017\/03\/la-asuncion-musicos-768x576.jpg 768w, https:\/\/luagris.net\/turismo\/wp-content\/uploads\/2017\/03\/la-asuncion-musicos.jpg 800w\" sizes=\"auto, (max-width: 300px) 85vw, 300px\" \/><\/a><figcaption id=\"caption-attachment-215\" class=\"wp-caption-text\">La Asunci\u00f3n &#8211; Perazancas &#8211; Palencia &#8211; m\u00fasicos na fachada (facer clic para ampliar)<\/figcaption><\/figure><br \/>\n<figure id=\"attachment_216\" aria-describedby=\"caption-attachment-216\" style=\"width: 300px\" class=\"wp-caption alignnone\"><a href=\"http:\/\/luagris.net\/turismo\/wp-content\/uploads\/2017\/03\/la-asuncion-musicos-II.jpg\"><img loading=\"lazy\" decoding=\"async\" src=\"http:\/\/luagris.net\/turismo\/wp-content\/uploads\/2017\/03\/la-asuncion-musicos-II-300x225.jpg\" alt=\"\" width=\"300\" height=\"225\" class=\"size-medium wp-image-216\" srcset=\"https:\/\/luagris.net\/turismo\/wp-content\/uploads\/2017\/03\/la-asuncion-musicos-II-300x225.jpg 300w, https:\/\/luagris.net\/turismo\/wp-content\/uploads\/2017\/03\/la-asuncion-musicos-II-768x576.jpg 768w, https:\/\/luagris.net\/turismo\/wp-content\/uploads\/2017\/03\/la-asuncion-musicos-II.jpg 800w\" sizes=\"auto, (max-width: 300px) 85vw, 300px\" \/><\/a><figcaption id=\"caption-attachment-216\" class=\"wp-caption-text\">La Asunci\u00f3n &#8211; Perazancas &#8211; Palencia &#8211; m\u00fasicos na fachada (facer clic para ampliar)<\/figcaption><\/figure><\/p>\n<p>En canto \u00e1 pequena ermida de San Pelayo, at\u00f3pase na sa\u00edda do lugar cara ao sur. O edificio data do s\u00e9culo XI e \u00e9 un dos m\u00e1is antigos da zona. Por\u00e9n, debeu existir no mesmo lugar un edificio anterior de estilo moz\u00e1rabe. Alg\u00fans fragmentos desta construci\u00f3n descubr\u00edronse na f\u00e1brica actual.<\/p>\n<figure id=\"attachment_217\" aria-describedby=\"caption-attachment-217\" style=\"width: 300px\" class=\"wp-caption alignnone\"><a href=\"http:\/\/luagris.net\/turismo\/wp-content\/uploads\/2017\/03\/ermida-de-san-pelayo.jpg\"><img loading=\"lazy\" decoding=\"async\" src=\"http:\/\/luagris.net\/turismo\/wp-content\/uploads\/2017\/03\/ermida-de-san-pelayo-300x191.jpg\" alt=\"\" width=\"300\" height=\"191\" class=\"size-medium wp-image-217\" srcset=\"https:\/\/luagris.net\/turismo\/wp-content\/uploads\/2017\/03\/ermida-de-san-pelayo-300x191.jpg 300w, https:\/\/luagris.net\/turismo\/wp-content\/uploads\/2017\/03\/ermida-de-san-pelayo.jpg 450w\" sizes=\"auto, (max-width: 300px) 85vw, 300px\" \/><\/a><figcaption id=\"caption-attachment-217\" class=\"wp-caption-text\">Ermida de San Pelayo &#8211; Perazancas &#8211; Palencia<\/figcaption><\/figure>\n<p>Velaqu\u00ed un detalle do axedrezado da decoraci\u00f3n da \u00e1bsida:<\/p>\n<figure id=\"attachment_218\" aria-describedby=\"caption-attachment-218\" style=\"width: 300px\" class=\"wp-caption alignnone\"><a href=\"http:\/\/luagris.net\/turismo\/wp-content\/uploads\/2017\/03\/san-pelayo-absida.jpg\"><img loading=\"lazy\" decoding=\"async\" src=\"http:\/\/luagris.net\/turismo\/wp-content\/uploads\/2017\/03\/san-pelayo-absida-300x225.jpg\" alt=\"\" width=\"300\" height=\"225\" class=\"size-medium wp-image-218\" srcset=\"https:\/\/luagris.net\/turismo\/wp-content\/uploads\/2017\/03\/san-pelayo-absida-300x225.jpg 300w, https:\/\/luagris.net\/turismo\/wp-content\/uploads\/2017\/03\/san-pelayo-absida.jpg 600w\" sizes=\"auto, (max-width: 300px) 85vw, 300px\" \/><\/a><figcaption id=\"caption-attachment-218\" class=\"wp-caption-text\">Ermida de San Pelayo &#8211; Perazancas &#8211; Palencia &#8211; \u00c1bsida<\/figcaption><\/figure>\n<p>A fachada da ermida est\u00e1 situada no p\u00e9. A porta \u00e9 moderna e ten unha fenda pola que, a pesar de estar pechada, albisc\u00e1base o interior no que se conservan algunhas pinturas murais.<\/p>\n<figure id=\"attachment_219\" aria-describedby=\"caption-attachment-219\" style=\"width: 300px\" class=\"wp-caption alignnone\"><a href=\"http:\/\/luagris.net\/turismo\/wp-content\/uploads\/2017\/03\/san-pelayo-interior.jpg\"><img loading=\"lazy\" decoding=\"async\" src=\"http:\/\/luagris.net\/turismo\/wp-content\/uploads\/2017\/03\/san-pelayo-interior-300x225.jpg\" alt=\"\" width=\"300\" height=\"225\" class=\"size-medium wp-image-219\" srcset=\"https:\/\/luagris.net\/turismo\/wp-content\/uploads\/2017\/03\/san-pelayo-interior-300x225.jpg 300w, https:\/\/luagris.net\/turismo\/wp-content\/uploads\/2017\/03\/san-pelayo-interior.jpg 600w\" sizes=\"auto, (max-width: 300px) 85vw, 300px\" \/><\/a><figcaption id=\"caption-attachment-219\" class=\"wp-caption-text\">Ermida de San Pelayo &#8211; Perazancas &#8211; Palencia &#8211; interior<\/figcaption><\/figure>\n<p>Despois seguimos ao sur para chegar novamente ao cruzamento coa PP-2131 que, en direcci\u00f3n Aguilar de Campoo, levounos at\u00e9 o desv\u00edo da PP-2132 cara ao Barrio de Santa Mar\u00eda. Polo cami\u00f1o, en Foldada, est\u00e1 outra das que nos chamaron a atenci\u00f3n desde lonxe pero non vimos: a igrexa do Salvador.<\/p>\n<figure id=\"attachment_220\" aria-describedby=\"caption-attachment-220\" style=\"width: 300px\" class=\"wp-caption alignnone\"><a href=\"http:\/\/luagris.net\/turismo\/wp-content\/uploads\/2017\/03\/iglesia-del-salvador-foldada.jpg\"><img loading=\"lazy\" decoding=\"async\" src=\"http:\/\/luagris.net\/turismo\/wp-content\/uploads\/2017\/03\/iglesia-del-salvador-foldada-300x187.jpg\" alt=\"\" width=\"300\" height=\"187\" class=\"size-medium wp-image-220\" srcset=\"https:\/\/luagris.net\/turismo\/wp-content\/uploads\/2017\/03\/iglesia-del-salvador-foldada-300x187.jpg 300w, https:\/\/luagris.net\/turismo\/wp-content\/uploads\/2017\/03\/iglesia-del-salvador-foldada.jpg 500w\" sizes=\"auto, (max-width: 300px) 85vw, 300px\" \/><\/a><figcaption id=\"caption-attachment-220\" class=\"wp-caption-text\">Iglesia del Salvador &#8211; Foldada &#8211; Palencia<\/figcaption><\/figure>\n<p>En Barrio de Santa Mar\u00eda c\u00f3mpre visitar a ermida de Santa Eulalia. \u00c9 unha pequena ermida dunha nave coa portada no lado norte, de arco lixeiramente apuntado con arquivoltas.<\/p>\n<figure id=\"attachment_221\" aria-describedby=\"caption-attachment-221\" style=\"width: 300px\" class=\"wp-caption alignnone\"><a href=\"http:\/\/luagris.net\/turismo\/wp-content\/uploads\/2017\/03\/ermida-de-santa-eulalia.jpg\"><img loading=\"lazy\" decoding=\"async\" src=\"http:\/\/luagris.net\/turismo\/wp-content\/uploads\/2017\/03\/ermida-de-santa-eulalia-300x225.jpg\" alt=\"\" width=\"300\" height=\"225\" class=\"size-medium wp-image-221\" srcset=\"https:\/\/luagris.net\/turismo\/wp-content\/uploads\/2017\/03\/ermida-de-santa-eulalia-300x225.jpg 300w, https:\/\/luagris.net\/turismo\/wp-content\/uploads\/2017\/03\/ermida-de-santa-eulalia.jpg 450w\" sizes=\"auto, (max-width: 300px) 85vw, 300px\" \/><\/a><figcaption id=\"caption-attachment-221\" class=\"wp-caption-text\">Ermida de Santa Eulalia &#8211; Barrio de Santa Mar\u00eda &#8211; Palencia<\/figcaption><\/figure>\n<p>Na decoraci\u00f3n da \u00e1bsida, no pequeno capitel dunha das fiestras, p\u00f3dese aprezar a escena de Ad\u00e1n e Eva coa Serpe.<\/p>\n<figure id=\"attachment_222\" aria-describedby=\"caption-attachment-222\" style=\"width: 300px\" class=\"wp-caption alignnone\"><a href=\"http:\/\/luagris.net\/turismo\/wp-content\/uploads\/2017\/03\/santa-eulalia-adan-y-eva.jpg\"><img loading=\"lazy\" decoding=\"async\" src=\"http:\/\/luagris.net\/turismo\/wp-content\/uploads\/2017\/03\/santa-eulalia-adan-y-eva-300x219.jpg\" alt=\"\" width=\"300\" height=\"219\" class=\"size-medium wp-image-222\" srcset=\"https:\/\/luagris.net\/turismo\/wp-content\/uploads\/2017\/03\/santa-eulalia-adan-y-eva-300x219.jpg 300w, https:\/\/luagris.net\/turismo\/wp-content\/uploads\/2017\/03\/santa-eulalia-adan-y-eva.jpg 600w\" sizes=\"auto, (max-width: 300px) 85vw, 300px\" \/><\/a><figcaption id=\"caption-attachment-222\" class=\"wp-caption-text\">Ermida de Santa Eulalia &#8211; Barrio de Santa Mar\u00eda &#8211; Palencia &#8211; Capitel de Ad\u00e1n e Eva (facer clic para ampliar)<\/figcaption><\/figure>\n<p>O interior da ermida merece ser visitado. Por dous motivos principais: a decoraci\u00f3n pict\u00f3rica dos muros e a estrutura en diferentes niveis. N\u00f3s non puidemos entrar pero hai unha visita virtual de 360\u00ba facendo clic <a href=\"http:\/\/www.aguilardecampoo.mimuni.es\/aguilardecampoo\/detalle-guia.html?id=585\">aqu\u00ed<\/a>.<\/p>\n<p>Despois de visitar a ermida, seguimos en direcci\u00f3n Aguilar de Campoo para coller novamente a N-611 cara ao sur. Non son moi amigo das v\u00edas de alta capacidade cando estou a facer turismo porque penso que perdo de atravesar as pequenas poboaci\u00f3ns que, en xeral, son as que reservan os mellores tesouros. Pero, desta vez, por axilizar o traxecto que xa v\u00edramos o d\u00eda anterior, collemos un pequeno tramo da A-67 at\u00e9 a sa\u00edda de Becerril del Carpio. Desde al\u00ed, volvemos tomar N-611 at\u00e9 un desv\u00edo \u00e1 esquerda que indica Rebolledo de la Torre. Por esta v\u00eda, que se interna un pouco na provincia de Burgos, ch\u00e9gase a esta localidade burgalesa que alberga unha interesante igrexa adicada aos santos Juan e Basilisa. A igrexa non puidemos visitala por dentro (por problemas de tempo, seica no bar do clube social da aldea te\u00f1en a chave) pero o m\u00e1is interesante est\u00e1 f\u00f3ra: unha importante galer\u00eda rom\u00e1nica de dez arcos&#8230;<\/p>\n<figure id=\"attachment_223\" aria-describedby=\"caption-attachment-223\" style=\"width: 300px\" class=\"wp-caption alignnone\"><a href=\"http:\/\/luagris.net\/turismo\/wp-content\/uploads\/2017\/03\/santos-juan-y-basilisa-rebolledo-de-la-torre-burgos.jpg\"><img loading=\"lazy\" decoding=\"async\" src=\"http:\/\/luagris.net\/turismo\/wp-content\/uploads\/2017\/03\/santos-juan-y-basilisa-rebolledo-de-la-torre-burgos-300x225.jpg\" alt=\"\" width=\"300\" height=\"225\" class=\"size-medium wp-image-223\" srcset=\"https:\/\/luagris.net\/turismo\/wp-content\/uploads\/2017\/03\/santos-juan-y-basilisa-rebolledo-de-la-torre-burgos-300x225.jpg 300w, https:\/\/luagris.net\/turismo\/wp-content\/uploads\/2017\/03\/santos-juan-y-basilisa-rebolledo-de-la-torre-burgos.jpg 600w\" sizes=\"auto, (max-width: 300px) 85vw, 300px\" \/><\/a><figcaption id=\"caption-attachment-223\" class=\"wp-caption-text\">Santos Juan y Basilisa &#8211; Rebolledo de la Torre &#8211; Burgos<\/figcaption><\/figure>\n<p>As columnas da galer\u00eda te\u00f1en capiteis minuciosamente decorados con motivos diversos:<\/p>\n<p><figure id=\"attachment_224\" aria-describedby=\"caption-attachment-224\" style=\"width: 300px\" class=\"wp-caption alignnone\"><a href=\"http:\/\/luagris.net\/turismo\/wp-content\/uploads\/2017\/03\/capiteis-I.jpg\"><img loading=\"lazy\" decoding=\"async\" src=\"http:\/\/luagris.net\/turismo\/wp-content\/uploads\/2017\/03\/capiteis-I-300x225.jpg\" alt=\"\" width=\"300\" height=\"225\" class=\"size-medium wp-image-224\" srcset=\"https:\/\/luagris.net\/turismo\/wp-content\/uploads\/2017\/03\/capiteis-I-300x225.jpg 300w, https:\/\/luagris.net\/turismo\/wp-content\/uploads\/2017\/03\/capiteis-I.jpg 400w\" sizes=\"auto, (max-width: 300px) 85vw, 300px\" \/><\/a><figcaption id=\"caption-attachment-224\" class=\"wp-caption-text\">Santos Juan y Basilisa &#8211; Rebolledo de la Torre &#8211; Burgos &#8211; Capiteis (I)<\/figcaption><\/figure><br \/>\n<figure id=\"attachment_225\" aria-describedby=\"caption-attachment-225\" style=\"width: 300px\" class=\"wp-caption alignnone\"><a href=\"http:\/\/luagris.net\/turismo\/wp-content\/uploads\/2017\/03\/capiteis-II.jpg\"><img loading=\"lazy\" decoding=\"async\" src=\"http:\/\/luagris.net\/turismo\/wp-content\/uploads\/2017\/03\/capiteis-II-300x225.jpg\" alt=\"\" width=\"300\" height=\"225\" class=\"size-medium wp-image-225\" srcset=\"https:\/\/luagris.net\/turismo\/wp-content\/uploads\/2017\/03\/capiteis-II-300x225.jpg 300w, https:\/\/luagris.net\/turismo\/wp-content\/uploads\/2017\/03\/capiteis-II.jpg 400w\" sizes=\"auto, (max-width: 300px) 85vw, 300px\" \/><\/a><figcaption id=\"caption-attachment-225\" class=\"wp-caption-text\">Santos Juan y Basilisa &#8211; Rebolledo de la Torre &#8211; Burgos &#8211; Capiteis (II)<\/figcaption><\/figure><br \/>\n<figure id=\"attachment_226\" aria-describedby=\"caption-attachment-226\" style=\"width: 300px\" class=\"wp-caption alignnone\"><a href=\"http:\/\/luagris.net\/turismo\/wp-content\/uploads\/2017\/03\/capiteis-III.jpg\"><img loading=\"lazy\" decoding=\"async\" src=\"http:\/\/luagris.net\/turismo\/wp-content\/uploads\/2017\/03\/capiteis-III-300x225.jpg\" alt=\"\" width=\"300\" height=\"225\" class=\"size-medium wp-image-226\" srcset=\"https:\/\/luagris.net\/turismo\/wp-content\/uploads\/2017\/03\/capiteis-III-300x225.jpg 300w, https:\/\/luagris.net\/turismo\/wp-content\/uploads\/2017\/03\/capiteis-III.jpg 400w\" sizes=\"auto, (max-width: 300px) 85vw, 300px\" \/><\/a><figcaption id=\"caption-attachment-226\" class=\"wp-caption-text\">Santos Juan y Basilisa &#8211; Rebolledo de la Torre &#8211; Burgos &#8211; Capiteis (III)<\/figcaption><\/figure><figure id=\"attachment_227\" aria-describedby=\"caption-attachment-227\" style=\"width: 300px\" class=\"wp-caption alignnone\"><a href=\"http:\/\/luagris.net\/turismo\/wp-content\/uploads\/2017\/03\/capiteis-IV.jpg\"><img loading=\"lazy\" decoding=\"async\" src=\"http:\/\/luagris.net\/turismo\/wp-content\/uploads\/2017\/03\/capiteis-IV-300x225.jpg\" alt=\"\" width=\"300\" height=\"225\" class=\"size-medium wp-image-227\" srcset=\"https:\/\/luagris.net\/turismo\/wp-content\/uploads\/2017\/03\/capiteis-IV-300x225.jpg 300w, https:\/\/luagris.net\/turismo\/wp-content\/uploads\/2017\/03\/capiteis-IV.jpg 400w\" sizes=\"auto, (max-width: 300px) 85vw, 300px\" \/><\/a><figcaption id=\"caption-attachment-227\" class=\"wp-caption-text\">Santos Juan y Basilisa &#8211; Rebolledo de la Torre &#8211; Burgos &#8211; Capiteis (IV)<\/figcaption><\/figure><\/p>\n<p>E tam\u00e9n son atractivos os canzorros e este curioso capitel dunha das columnas da estrutura xeral:<\/p>\n<p><figure id=\"attachment_228\" aria-describedby=\"caption-attachment-228\" style=\"width: 300px\" class=\"wp-caption alignnone\"><a href=\"http:\/\/luagris.net\/turismo\/wp-content\/uploads\/2017\/03\/canzorros-I.jpg\"><img loading=\"lazy\" decoding=\"async\" src=\"http:\/\/luagris.net\/turismo\/wp-content\/uploads\/2017\/03\/canzorros-I-300x211.jpg\" alt=\"\" width=\"300\" height=\"211\" class=\"size-medium wp-image-228\" srcset=\"https:\/\/luagris.net\/turismo\/wp-content\/uploads\/2017\/03\/canzorros-I-300x211.jpg 300w, https:\/\/luagris.net\/turismo\/wp-content\/uploads\/2017\/03\/canzorros-I.jpg 450w\" sizes=\"auto, (max-width: 300px) 85vw, 300px\" \/><\/a><figcaption id=\"caption-attachment-228\" class=\"wp-caption-text\">Santos Juan y Basilisa &#8211; Rebolledo de la Torre &#8211; Burgos &#8211; Canzorros (I)<\/figcaption><\/figure><br \/>\n<figure id=\"attachment_229\" aria-describedby=\"caption-attachment-229\" style=\"width: 227px\" class=\"wp-caption alignnone\"><a href=\"http:\/\/luagris.net\/turismo\/wp-content\/uploads\/2017\/03\/canzorros-II.jpg\"><img loading=\"lazy\" decoding=\"async\" src=\"http:\/\/luagris.net\/turismo\/wp-content\/uploads\/2017\/03\/canzorros-II-227x300.jpg\" alt=\"\" width=\"227\" height=\"300\" class=\"size-medium wp-image-229\" srcset=\"https:\/\/luagris.net\/turismo\/wp-content\/uploads\/2017\/03\/canzorros-II-227x300.jpg 227w, https:\/\/luagris.net\/turismo\/wp-content\/uploads\/2017\/03\/canzorros-II.jpg 341w\" sizes=\"auto, (max-width: 227px) 85vw, 227px\" \/><\/a><figcaption id=\"caption-attachment-229\" class=\"wp-caption-text\">Santos Juan y Basilisa &#8211; Rebolledo de la Torre &#8211; Burgos &#8211; Canzorros (II)<\/figcaption><\/figure><br \/>\n<figure id=\"attachment_230\" aria-describedby=\"caption-attachment-230\" style=\"width: 300px\" class=\"wp-caption alignnone\"><a href=\"http:\/\/luagris.net\/turismo\/wp-content\/uploads\/2017\/03\/canzorros-III.jpg\"><img loading=\"lazy\" decoding=\"async\" src=\"http:\/\/luagris.net\/turismo\/wp-content\/uploads\/2017\/03\/canzorros-III-300x161.jpg\" alt=\"\" width=\"300\" height=\"161\" class=\"size-medium wp-image-230\" srcset=\"https:\/\/luagris.net\/turismo\/wp-content\/uploads\/2017\/03\/canzorros-III-300x161.jpg 300w, https:\/\/luagris.net\/turismo\/wp-content\/uploads\/2017\/03\/canzorros-III.jpg 500w\" sizes=\"auto, (max-width: 300px) 85vw, 300px\" \/><\/a><figcaption id=\"caption-attachment-230\" class=\"wp-caption-text\">Santos Juan y Basilisa &#8211; Rebolledo de la Torre &#8211; Burgos &#8211; Canzorros (III)<\/figcaption><\/figure><\/p>\n<p>Desde Rebolledo de la Torre continuamos xa cami\u00f1o ao sur onde nos esperaban as d\u00faas \u00faltimas paradas do traxecto: Fr\u00f3mista e Palencia cidade.<\/p>\n<p>Continuar\u00e1&#8230;<\/p>\n<p>https:\/\/www.google.com\/maps\/d\/u\/0\/embed?mid=1zMsx3xg4Hk947qd0NxrWLdT8U0o<\/p>\n","protected":false},"excerpt":{"rendered":"<p>(A primeira parte desta viaxe est\u00e1 contada nas d\u00faas entradas previas: parte I, parte II.) O plan para o domingo era ir xa pola ma\u00f1\u00e1 at\u00e9 Fr\u00f3mista pero qued\u00e1rannos do s\u00e1bado algunhas igrexas que queriamos [&hellip;]<\/p>\n","protected":false},"author":3,"featured_media":0,"comment_status":"open","ping_status":"open","sticky":false,"template":"","format":"standard","meta":{"jetpack_post_was_ever_published":false,"_jetpack_newsletter_access":"","_jetpack_dont_email_post_to_subs":true,"_jetpack_newsletter_tier_id":0,"_jetpack_memberships_contains_paywalled_content":false,"_jetpack_memberships_contains_paid_content":false,"footnotes":""},"categories":[111,81,85],"tags":[379,377,369,381,371,99,367,375,373],"class_list":["post-165","post","type-post","status-publish","format-standard","hentry","category-arquitectura-gl","category-castela-gl","category-romanico-gl","tag-barrio-de-santa-maria","tag-burgos","tag-ermida-de-san-pelayo","tag-ermida-de-santa-eulalia","tag-iglesia-del-salvador","tag-palencia-gl","tag-perazancas","tag-rebolledo-de-la-torre","tag-santos-juan-y-basilisa"],"jetpack_featured_media_url":"","jetpack_sharing_enabled":true,"jetpack_shortlink":"https:\/\/wp.me\/p8v7Zj-2F","_links":{"self":[{"href":"https:\/\/luagris.net\/turismo\/index.php?rest_route=\/wp\/v2\/posts\/165","targetHints":{"allow":["GET"]}}],"collection":[{"href":"https:\/\/luagris.net\/turismo\/index.php?rest_route=\/wp\/v2\/posts"}],"about":[{"href":"https:\/\/luagris.net\/turismo\/index.php?rest_route=\/wp\/v2\/types\/post"}],"author":[{"embeddable":true,"href":"https:\/\/luagris.net\/turismo\/index.php?rest_route=\/wp\/v2\/users\/3"}],"replies":[{"embeddable":true,"href":"https:\/\/luagris.net\/turismo\/index.php?rest_route=%2Fwp%2Fv2%2Fcomments&post=165"}],"version-history":[{"count":6,"href":"https:\/\/luagris.net\/turismo\/index.php?rest_route=\/wp\/v2\/posts\/165\/revisions"}],"predecessor-version":[{"id":241,"href":"https:\/\/luagris.net\/turismo\/index.php?rest_route=\/wp\/v2\/posts\/165\/revisions\/241"}],"wp:attachment":[{"href":"https:\/\/luagris.net\/turismo\/index.php?rest_route=%2Fwp%2Fv2%2Fmedia&parent=165"}],"wp:term":[{"taxonomy":"category","embeddable":true,"href":"https:\/\/luagris.net\/turismo\/index.php?rest_route=%2Fwp%2Fv2%2Fcategories&post=165"},{"taxonomy":"post_tag","embeddable":true,"href":"https:\/\/luagris.net\/turismo\/index.php?rest_route=%2Fwp%2Fv2%2Ftags&post=165"}],"curies":[{"name":"wp","href":"https:\/\/api.w.org\/{rel}","templated":true}]}}