{"id":155,"date":"2017-02-22T17:56:25","date_gmt":"2017-02-22T17:56:25","guid":{"rendered":"http:\/\/luagris.net\/turismo\/?p=155"},"modified":"2017-02-24T22:41:23","modified_gmt":"2017-02-24T22:41:23","slug":"romanico-en-la-montana-palentina","status":"publish","type":"post","link":"https:\/\/luagris.net\/turismo\/?p=155&lang=es","title":{"rendered":"Rom\u00e1nico en la monta\u00f1a palentina (I)"},"content":{"rendered":"<p>Este fin de semana hicimos un viaje al norte de la provincia de Palencia. Contra la cara sur de la Cordilleira Cant\u00e1brica se sit\u00faa la regi\u00f3n llamada &#8220;monta\u00f1a palentina&#8221;. Tres son las localidades principales de esta regi\u00f3n, de este a oeste, Aguilar de Campoo, Cervera de Pisuerga y Guardo. <\/p>\n<p>Hab\u00edamos reservado un hotel en esta \u00faltima, Guardo. Se trata de un pueblo con pasado minero y presente con central t\u00e9rmica, pero nuestro objetivo no era el turismo industrial as\u00ed que no nos detuvimos ni siquiera a preguntar si era posible visitar las minas (una opci\u00f3n siempre interesante). Simplemente dormimos all\u00ed y, por la ma\u00f1\u00e1na del s\u00e1bado, emprendimos camino al este, por la CL-626. <\/p>\n<figure id=\"attachment_81\" aria-describedby=\"caption-attachment-81\" style=\"width: 300px\" class=\"wp-caption alignnone\"><a href=\"http:\/\/luagris.net\/turismo\/wp-content\/uploads\/2017\/02\/guardo_central.jpg\"><img loading=\"lazy\" decoding=\"async\" src=\"http:\/\/luagris.net\/turismo\/wp-content\/uploads\/2017\/02\/guardo_central-300x225.jpg\" alt=\"\" width=\"300\" height=\"225\" class=\"size-medium wp-image-81\" srcset=\"https:\/\/luagris.net\/turismo\/wp-content\/uploads\/2017\/02\/guardo_central-300x225.jpg 300w, https:\/\/luagris.net\/turismo\/wp-content\/uploads\/2017\/02\/guardo_central.jpg 350w\" sizes=\"auto, (max-width: 300px) 85vw, 300px\" \/><\/a><figcaption id=\"caption-attachment-81\" class=\"wp-caption-text\">Guardo &#8211; Palencia &#8211; central t\u00e9rmica<\/figcaption><\/figure>\n<p>Esta carretera va bordeando el Parque Natural Fuentes Carrionas y Fuente Cobre por el sur. Seg\u00fan pudimos saber, este parque tiene un interesante trazado de rutas a pie por la monta\u00f1a y algunos hoteles disponen de GPS que te prestan para poder guiarte por esos caminos (aunque, dicen, est\u00e1n muy bien se\u00f1alizados). Otra aventura para la pr\u00f3xima ocasi\u00f3n.<\/p>\n<figure id=\"attachment_82\" aria-describedby=\"caption-attachment-82\" style=\"width: 300px\" class=\"wp-caption alignnone\"><a href=\"http:\/\/luagris.net\/turismo\/wp-content\/uploads\/2017\/02\/parque-natural-fuentes-carrionas-y-fuente-cobre.jpg\"><img loading=\"lazy\" decoding=\"async\" src=\"http:\/\/luagris.net\/turismo\/wp-content\/uploads\/2017\/02\/parque-natural-fuentes-carrionas-y-fuente-cobre-300x225.jpg\" alt=\"\" width=\"300\" height=\"225\" class=\"size-medium wp-image-82\" srcset=\"https:\/\/luagris.net\/turismo\/wp-content\/uploads\/2017\/02\/parque-natural-fuentes-carrionas-y-fuente-cobre-300x225.jpg 300w, https:\/\/luagris.net\/turismo\/wp-content\/uploads\/2017\/02\/parque-natural-fuentes-carrionas-y-fuente-cobre.jpg 350w\" sizes=\"auto, (max-width: 300px) 85vw, 300px\" \/><\/a><figcaption id=\"caption-attachment-82\" class=\"wp-caption-text\">Parque Natural Fuentes Carrionas y Fuente Cobre \u2013 Cordillera Cant\u00e1brica<\/figcaption><\/figure>\n<p>La primera parada prevista era Cervera de Pisuerga. El d\u00eda anterior hab\u00eda llamado a la oficina de turismo para confirmar que estar\u00eda abierta. La intenci\u00f3n era obtener all\u00ed alg\u00fan mapa y una identificaci\u00f3n de las iglesias y monasterios m\u00e1s relevantes para poder comenzar la visita con algo de orden.<\/p>\n<p>Pero ya de camino paramos en Pis\u00f3n de Castrej\u00f3n para ver la iglesia de la Asunci\u00f3n. De esta construcci\u00f3n del siglo XIII destacar\u00e9 sobre todo la portada g\u00f3tica de su cara sur. La puerta est\u00e1 enmarcada con cinco arquivoltas de arcos apuntados, el mayor de ellos, decorado con motivo geom\u00e9trico de panal de abeja. <\/p>\n<figure id=\"attachment_84\" aria-describedby=\"caption-attachment-84\" style=\"width: 300px\" class=\"wp-caption alignnone\"><a href=\"http:\/\/luagris.net\/turismo\/wp-content\/uploads\/2017\/02\/igrexa-da-asunci\u00f3n-pis\u00f3n-de-castrej\u00f3n-portada.jpg\"><img loading=\"lazy\" decoding=\"async\" src=\"http:\/\/luagris.net\/turismo\/wp-content\/uploads\/2017\/02\/igrexa-da-asunci\u00f3n-pis\u00f3n-de-castrej\u00f3n-portada-300x206.jpg\" alt=\"\" width=\"300\" height=\"206\" class=\"size-medium wp-image-84\" srcset=\"https:\/\/luagris.net\/turismo\/wp-content\/uploads\/2017\/02\/igrexa-da-asunci\u00f3n-pis\u00f3n-de-castrej\u00f3n-portada-300x206.jpg 300w, https:\/\/luagris.net\/turismo\/wp-content\/uploads\/2017\/02\/igrexa-da-asunci\u00f3n-pis\u00f3n-de-castrej\u00f3n-portada.jpg 350w\" sizes=\"auto, (max-width: 300px) 85vw, 300px\" \/><\/a><figcaption id=\"caption-attachment-84\" class=\"wp-caption-text\">La Asunci\u00f3n &#8211; Pis\u00f3n de Castrej\u00f3n &#8211; Palencia &#8211; Portada g\u00f3tica<\/figcaption><\/figure>\n<p>Sobre la puerta, se sit\u00faa un friso tardog\u00f3tico (probablemente del siglo XV) con un Pantocr\u00e1tor (Cristo en majestad, sentado en el trono celeste, con la diestra levantada impartiendo bendici\u00f3n y en la mano izquierda, en este caso, una esfera -en otros casos sostiene un libro que representa los evangelios-). <\/p>\n<p>El Pantocr\u00e1tor adoita estar, como en esta ocasi\u00f3n, acompa\u00f1ado del Tetramorfos (alegor\u00eda de los cuatro evangelistas: el hombre que representa a San Mateo, el \u00e1guila que representa a San Juan, el le\u00f3n que representa a San Marcos y el toro que representa a San Lucas). <\/p>\n<figure id=\"attachment_85\" aria-describedby=\"caption-attachment-85\" style=\"width: 161px\" class=\"wp-caption alignnone\"><a href=\"http:\/\/luagris.net\/turismo\/wp-content\/uploads\/2017\/02\/igrexa-da-asunci\u00f3n-pis\u00f3n-de-castrej\u00f3n-pantocr\u00e1tor.jpg\"><img loading=\"lazy\" decoding=\"async\" src=\"http:\/\/luagris.net\/turismo\/wp-content\/uploads\/2017\/02\/igrexa-da-asunci\u00f3n-pis\u00f3n-de-castrej\u00f3n-pantocr\u00e1tor-161x300.jpg\" alt=\"\" width=\"161\" height=\"300\" class=\"size-medium wp-image-85\" srcset=\"https:\/\/luagris.net\/turismo\/wp-content\/uploads\/2017\/02\/igrexa-da-asunci\u00f3n-pis\u00f3n-de-castrej\u00f3n-pantocr\u00e1tor-161x300.jpg 161w, https:\/\/luagris.net\/turismo\/wp-content\/uploads\/2017\/02\/igrexa-da-asunci\u00f3n-pis\u00f3n-de-castrej\u00f3n-pantocr\u00e1tor.jpg 350w\" sizes=\"auto, (max-width: 161px) 85vw, 161px\" \/><\/a><figcaption id=\"caption-attachment-85\" class=\"wp-caption-text\">La Asunci\u00f3n &#8211; Pis\u00f3n de Castrej\u00f3n &#8211; Palencia &#8211; Pantocr\u00e1tor<\/figcaption><\/figure>\n<p>A los lados del Pantocr\u00e1tor, doce esculturas p\u00e9treas de los doce ap\u00f3stoles. Cada una est\u00e1 situada sobre una peana en la que aparece tallada una cabeza que pienso que representan personajes del pueblo, artesanos o peque\u00f1a nobleza. Sobre cada ap\u00f3stol, un dosel tambi\u00e9n muy tallado.<\/p>\n<p>A continuaci\u00f3n, un detalle del apostolado del p\u00f3rtico en el que podemos ver:<br \/>\n&#8211; a la izquierda, San Bartolom\u00e9 (identificado por un cuchillo con la hoja hacia arriba y una cadena por la que sujeta al demonio que, seg\u00fan la leyenda, expuls\u00f3 del cuerpo de la hija del rey de Armenia).<br \/>\n&#8211; a la derecha, Santo Tom\u00e1s (identificado por la escuadra, ya que era arquitecto)<br \/>\n&#8211; no consegu\u00ed identificar a\u00fan al ap\u00f3stol que aparece en el centro de la foto. Podr\u00eda ser San Juan, que muchas veces se representa sin barba, porque era el m\u00e1s joven de los doce.<br \/>\n&#8211; en las peanas que sostienen a cada un de los ap\u00f3stoles, puede verse la decoraci\u00f3n de figuras de la \u00e9poca.<br \/>\n&#8211; en la parte superior de la imagen, pueden verse los doseles tallados sobre cada uno de los ap\u00f3stoles<br \/>\n&#8211; y, por \u00faltimo, el deterioro y, tal vez, burda tentativa de restauraci\u00f3n de la cabeza de Santo Tom\u00e1s (aspecto semejante tienen algunas otras partes de este friso)<\/p>\n<figure id=\"attachment_114\" aria-describedby=\"caption-attachment-114\" style=\"width: 249px\" class=\"wp-caption alignnone\"><a href=\"http:\/\/luagris.net\/turismo\/wp-content\/uploads\/2017\/02\/igrexa-da-asunci\u00f3n-pis\u00f3n-de-castrej\u00f3n-detalle-apostolado.jpg\"><img loading=\"lazy\" decoding=\"async\" src=\"http:\/\/luagris.net\/turismo\/wp-content\/uploads\/2017\/02\/igrexa-da-asunci\u00f3n-pis\u00f3n-de-castrej\u00f3n-detalle-apostolado-249x300.jpg\" alt=\"\" width=\"249\" height=\"300\" class=\"size-medium wp-image-114\" srcset=\"https:\/\/luagris.net\/turismo\/wp-content\/uploads\/2017\/02\/igrexa-da-asunci\u00f3n-pis\u00f3n-de-castrej\u00f3n-detalle-apostolado-249x300.jpg 249w, https:\/\/luagris.net\/turismo\/wp-content\/uploads\/2017\/02\/igrexa-da-asunci\u00f3n-pis\u00f3n-de-castrej\u00f3n-detalle-apostolado.jpg 650w\" sizes=\"auto, (max-width: 249px) 85vw, 249px\" \/><\/a><figcaption id=\"caption-attachment-114\" class=\"wp-caption-text\">La Asunci\u00f3n &#8211; Pis\u00f3n de Castrej\u00f3n &#8211; Palencia &#8211; detalle apostolado<\/figcaption><\/figure>\n<p>Esta iglesia depara a\u00fan alguna otra sorpresa como la decoraci\u00f3n de algunos canecillos, de factura sencilla pero muy expresivos y bien conservados y la decoraci\u00f3n ajedrezada y floral de los arcos de las ventanas del \u00e1bside.<\/p>\n<figure id=\"attachment_90\" aria-describedby=\"caption-attachment-90\" style=\"width: 300px\" class=\"wp-caption alignnone\"><a href=\"http:\/\/luagris.net\/turismo\/wp-content\/uploads\/2017\/02\/igrexa-da-asunci\u00f3n-pis\u00f3n-de-castrej\u00f3n-canzorros.jpg\"><img loading=\"lazy\" decoding=\"async\" src=\"http:\/\/luagris.net\/turismo\/wp-content\/uploads\/2017\/02\/igrexa-da-asunci\u00f3n-pis\u00f3n-de-castrej\u00f3n-canzorros-300x66.jpg\" alt=\"\" width=\"300\" height=\"66\" class=\"size-medium wp-image-90\" srcset=\"https:\/\/luagris.net\/turismo\/wp-content\/uploads\/2017\/02\/igrexa-da-asunci\u00f3n-pis\u00f3n-de-castrej\u00f3n-canzorros-300x66.jpg 300w, https:\/\/luagris.net\/turismo\/wp-content\/uploads\/2017\/02\/igrexa-da-asunci\u00f3n-pis\u00f3n-de-castrej\u00f3n-canzorros-768x168.jpg 768w, https:\/\/luagris.net\/turismo\/wp-content\/uploads\/2017\/02\/igrexa-da-asunci\u00f3n-pis\u00f3n-de-castrej\u00f3n-canzorros-1024x224.jpg 1024w, https:\/\/luagris.net\/turismo\/wp-content\/uploads\/2017\/02\/igrexa-da-asunci\u00f3n-pis\u00f3n-de-castrej\u00f3n-canzorros-1200x263.jpg 1200w, https:\/\/luagris.net\/turismo\/wp-content\/uploads\/2017\/02\/igrexa-da-asunci\u00f3n-pis\u00f3n-de-castrej\u00f3n-canzorros.jpg 1600w\" sizes=\"auto, (max-width: 300px) 85vw, 300px\" \/><\/a><figcaption id=\"caption-attachment-90\" class=\"wp-caption-text\">A Asunci\u00f3n &#8211; Pis\u00f3n de Castrej\u00f3n &#8211; Palencia &#8211; Selecci\u00f3n de canecillos<\/figcaption><\/figure>\n<figure id=\"attachment_96\" aria-describedby=\"caption-attachment-96\" style=\"width: 300px\" class=\"wp-caption alignnone\"><a href=\"http:\/\/luagris.net\/turismo\/wp-content\/uploads\/2017\/02\/igrexa-da-asunci\u00f3n-pis\u00f3n-de-castrej\u00f3n-fiestra.jpg\"><img loading=\"lazy\" decoding=\"async\" src=\"http:\/\/luagris.net\/turismo\/wp-content\/uploads\/2017\/02\/igrexa-da-asunci\u00f3n-pis\u00f3n-de-castrej\u00f3n-fiestra-300x220.jpg\" alt=\"\" width=\"300\" height=\"220\" class=\"size-medium wp-image-96\" srcset=\"https:\/\/luagris.net\/turismo\/wp-content\/uploads\/2017\/02\/igrexa-da-asunci\u00f3n-pis\u00f3n-de-castrej\u00f3n-fiestra-300x220.jpg 300w, https:\/\/luagris.net\/turismo\/wp-content\/uploads\/2017\/02\/igrexa-da-asunci\u00f3n-pis\u00f3n-de-castrej\u00f3n-fiestra.jpg 350w\" sizes=\"auto, (max-width: 300px) 85vw, 300px\" \/><\/a><figcaption id=\"caption-attachment-96\" class=\"wp-caption-text\">A Asunci\u00f3n &#8211; Pis\u00f3n de Castrej\u00f3n &#8211; Palencia &#8211; Ventana del \u00e1bside<\/figcaption><\/figure>\n<p>Seguimos adelante y pronto nos dimos cuenta de que en todo el camino hay peque\u00f1as iglesias o paisajes en los que podr\u00edas detenerte, garantizando que no vas a llegar a Aguilar de Campoo hasta la noche. Esta construcci\u00f3n minera en Castrej\u00f3n de la Pe\u00f1a, localidad que tiene una iglesia g\u00f3tica dedicada a Santa \u00c1gueda, es s\u00f3lo uno de tantos ejemplos posibles.<\/p>\n<figure id=\"attachment_97\" aria-describedby=\"caption-attachment-97\" style=\"width: 264px\" class=\"wp-caption alignnone\"><a href=\"http:\/\/luagris.net\/turismo\/wp-content\/uploads\/2017\/02\/castrej\u00f3n-de-la-pe\u00f1a-arquitectura-mineira.jpg\"><img loading=\"lazy\" decoding=\"async\" src=\"http:\/\/luagris.net\/turismo\/wp-content\/uploads\/2017\/02\/castrej\u00f3n-de-la-pe\u00f1a-arquitectura-mineira-264x300.jpg\" alt=\"\" width=\"264\" height=\"300\" class=\"size-medium wp-image-97\" srcset=\"https:\/\/luagris.net\/turismo\/wp-content\/uploads\/2017\/02\/castrej\u00f3n-de-la-pe\u00f1a-arquitectura-mineira-264x300.jpg 264w, https:\/\/luagris.net\/turismo\/wp-content\/uploads\/2017\/02\/castrej\u00f3n-de-la-pe\u00f1a-arquitectura-mineira.jpg 350w\" sizes=\"auto, (max-width: 264px) 85vw, 264px\" \/><\/a><figcaption id=\"caption-attachment-97\" class=\"wp-caption-text\">Castrej\u00f3n de la Pe\u00f1a &#8211; Palencia &#8211; Construcci\u00f3n minera<\/figcaption><\/figure>\n<p>Uno se empe\u00f1a en seguir adelante pero tampoco es f\u00e1cil resistirse y, por ejemplo, en Cubillo de Castrej\u00f3n nos detuvimos a ver la peque\u00f1a iglesia de San Vicente en la que nos llamaron la atenci\u00f3n unos peque\u00f1os capiteles de madera en la portada.<\/p>\n<figure id=\"attachment_98\" aria-describedby=\"caption-attachment-98\" style=\"width: 300px\" class=\"wp-caption alignnone\"><a href=\"http:\/\/luagris.net\/turismo\/wp-content\/uploads\/2017\/02\/cubillo-de-castrej\u00f3n-capitel-de-madeira.jpg\"><img loading=\"lazy\" decoding=\"async\" src=\"http:\/\/luagris.net\/turismo\/wp-content\/uploads\/2017\/02\/cubillo-de-castrej\u00f3n-capitel-de-madeira-300x235.jpg\" alt=\"\" width=\"300\" height=\"235\" class=\"size-medium wp-image-98\" srcset=\"https:\/\/luagris.net\/turismo\/wp-content\/uploads\/2017\/02\/cubillo-de-castrej\u00f3n-capitel-de-madeira-300x235.jpg 300w, https:\/\/luagris.net\/turismo\/wp-content\/uploads\/2017\/02\/cubillo-de-castrej\u00f3n-capitel-de-madeira.jpg 350w\" sizes=\"auto, (max-width: 300px) 85vw, 300px\" \/><\/a><figcaption id=\"caption-attachment-98\" class=\"wp-caption-text\">San Vicente &#8211; Cubillo de Castrej\u00f3n &#8211; Palencia &#8211; capitel l\u00edgneo<\/figcaption><\/figure>\n<p>Ya en Cervera de Pisuerga pudimos comprobar que la oficina de turismo estaba cerrada (grrrr para los ayuntamientos y sus oficinas de turismo cerradas cuando deber\u00edan estar abiertas. Y &#8220;deber\u00edan&#8221; no es una expresi\u00f3n de deseo: si llamas la v\u00edspera y te dicen que van estar abiertas, deber\u00edan estar abiertas, o, si tienen un cartel en la puerta con un horario de apertura, bueno ser\u00eda que en ese horario abriesen). Es una pena porque el pueblo parece merecer una peque\u00f1a visita pero cuando me doy de narices contra la (mala) administraci\u00f3n me ofusco y se me quitan las ganas.<\/p>\n<p>Aun as\u00ed, antes de irnos de Cervera de Pisuerga nos acercamos a ver la iglesia de Santa Mar\u00eda del Castillo, situada en un alto, sobre una masa rocosa enorme. Esta iglesia fue declarada en 1971 Monumento Hist\u00f3rico Art\u00edstico pero a nosotros no nos llam\u00f3 nada la atenci\u00f3n (no tiene que ver con la ofuscaci\u00f3n antes mencionada). Parece que en el interior hay una interesante figura de la Virgen policromada, del rom\u00e1nico tard\u00edo pero la iglesia tambi\u00e9n estaba cerrada y no pudimos verla.<\/p>\n<p>Esto de las iglesias cerradas es un tema. Pero hay que reconocer que, en el caso de las de esta zona, muchas ten\u00edan un cartel en la puerta con un horario y un tel\u00e9fono al que acudir. No probamos con todas pero, en general, la experiencia fue buena, como ir\u00e9 contando.<\/p>\n<p>De Cervera de Pisuerga cogimos un desv\u00edo hacia el norte por la carretera que va a Potes. Tras un peque\u00f1o paseo de unos 15 km se llega a la peque\u00f1a localidad de San Salvador de Cantamuda, dominada por la iglesia del mismo nombre. En esta bonita construcci\u00f3n exenta domina una espada\u00f1a con cuatro campanas. No hab\u00eda ning\u00fan cartel en la puerta pero preguntamos en un supermercado pr\u00f3ximo y nos dieron la referencia de una vecina que nos abri\u00f3 la iglesia. Esta mujer no daba explicaciones del edificio pero, cuando le preguntamos, nos cont\u00f3 alguna historia. <\/p>\n<figure id=\"attachment_102\" aria-describedby=\"caption-attachment-102\" style=\"width: 300px\" class=\"wp-caption alignnone\"><a href=\"http:\/\/luagris.net\/turismo\/wp-content\/uploads\/2017\/02\/san-salvador-de-cantamuda.jpg\"><img loading=\"lazy\" decoding=\"async\" src=\"http:\/\/luagris.net\/turismo\/wp-content\/uploads\/2017\/02\/san-salvador-de-cantamuda-300x225.jpg\" alt=\"\" width=\"300\" height=\"225\" class=\"size-medium wp-image-102\" srcset=\"https:\/\/luagris.net\/turismo\/wp-content\/uploads\/2017\/02\/san-salvador-de-cantamuda-300x225.jpg 300w, https:\/\/luagris.net\/turismo\/wp-content\/uploads\/2017\/02\/san-salvador-de-cantamuda.jpg 350w\" sizes=\"auto, (max-width: 300px) 85vw, 300px\" \/><\/a><figcaption id=\"caption-attachment-102\" class=\"wp-caption-text\">San Salvador de Cantamuda &#8211; Palencia<\/figcaption><\/figure>\n<p>La iglesia es del siglo XII. Tiene planta de cruz latina (esto es: el brazo que va de los pies a la cabecera es m\u00e1s largo que el que lo atraviesa de izquierda a derecha), con una sola nave con crucero y cabecera de tres \u00e1bsides. Fue colegiata y monasterio de San Salvador de Campo de Muga (el top\u00f3nimo &#8220;Cantamuda&#8221; proviene de la deformaci\u00f3n de este &#8220;Campo de Muga&#8221; y no de ninguna se\u00f1ora muda que se hubiese puesto a cantar por obra de alg\u00fan milagro de Nuestro Se\u00f1or).<\/p>\n<p>En la siguiente imagen pueden apreciarse las b\u00f3vedas de ca\u00f1\u00f3n, el crucero en la intersecci\u00f3n de los dos brazos y el \u00e1bside central rematado en b\u00f3veda semiesf\u00e9rica. Se vislumbran tambi\u00e9n, a los lados, los pasos a los otros dos \u00e1bsides.<\/p>\n<figure id=\"attachment_106\" aria-describedby=\"caption-attachment-106\" style=\"width: 300px\" class=\"wp-caption alignnone\"><a href=\"http:\/\/luagris.net\/turismo\/wp-content\/uploads\/2017\/02\/nave.jpg\"><img loading=\"lazy\" decoding=\"async\" src=\"http:\/\/luagris.net\/turismo\/wp-content\/uploads\/2017\/02\/nave-300x225.jpg\" alt=\"\" width=\"300\" height=\"225\" class=\"size-medium wp-image-106\" srcset=\"https:\/\/luagris.net\/turismo\/wp-content\/uploads\/2017\/02\/nave-300x225.jpg 300w, https:\/\/luagris.net\/turismo\/wp-content\/uploads\/2017\/02\/nave.jpg 350w\" sizes=\"auto, (max-width: 300px) 85vw, 300px\" \/><\/a><figcaption id=\"caption-attachment-106\" class=\"wp-caption-text\">San Salvador de Cantamuda &#8211; Palencia (nave)<\/figcaption><\/figure>\n<p>Uno de los atractivos art\u00edsticos de esta iglesia es el altar, sostenido por una serie de columnillas rom\u00e1nicas con sus fustes y capiteles decorados todos de forma diferente.<\/p>\n<figure id=\"attachment_108\" aria-describedby=\"caption-attachment-108\" style=\"width: 300px\" class=\"wp-caption alignnone\"><a href=\"http:\/\/luagris.net\/turismo\/wp-content\/uploads\/2017\/02\/columni\u00f1as-do-altar.jpg\"><img loading=\"lazy\" decoding=\"async\" src=\"http:\/\/luagris.net\/turismo\/wp-content\/uploads\/2017\/02\/columni\u00f1as-do-altar-300x158.jpg\" alt=\"\" width=\"300\" height=\"158\" class=\"size-medium wp-image-108\" \/><\/a><figcaption id=\"caption-attachment-108\" class=\"wp-caption-text\">San Salvador de Cantamuda &#8211; Palencia &#8211; columnillas del altar<\/figcaption><\/figure>\n<p>Otros detalles son una decoraci\u00f3n en madera policromada que cubre el \u00e1bside derecho (este \u00e1bside hace las funciones de sacrist\u00eda).<\/p>\n<figure id=\"attachment_109\" aria-describedby=\"caption-attachment-109\" style=\"width: 300px\" class=\"wp-caption alignnone\"><a href=\"http:\/\/luagris.net\/turismo\/wp-content\/uploads\/2017\/02\/decoraci\u00f3n-de-madeira-da-c\u00fapula-da-sancrist\u00eda.jpg\"><img loading=\"lazy\" decoding=\"async\" src=\"http:\/\/luagris.net\/turismo\/wp-content\/uploads\/2017\/02\/decoraci\u00f3n-de-madeira-da-c\u00fapula-da-sancrist\u00eda-300x225.jpg\" alt=\"\" width=\"300\" height=\"225\" class=\"size-medium wp-image-109\" srcset=\"https:\/\/luagris.net\/turismo\/wp-content\/uploads\/2017\/02\/decoraci\u00f3n-de-madeira-da-c\u00fapula-da-sancrist\u00eda-300x225.jpg 300w, https:\/\/luagris.net\/turismo\/wp-content\/uploads\/2017\/02\/decoraci\u00f3n-de-madeira-da-c\u00fapula-da-sancrist\u00eda.jpg 350w\" sizes=\"auto, (max-width: 300px) 85vw, 300px\" \/><\/a><figcaption id=\"caption-attachment-109\" class=\"wp-caption-text\">San Salvador de Cantamuda &#8211; Palencia &#8211; c\u00fapula decorada<\/figcaption><\/figure>\n<p>Seg\u00fan nos coment\u00f3 nuestra <em>gu\u00eda informal<\/em>, este tipo de decoraci\u00f3n de madera estaba por todo el templo y bastante deteriorada, por lo que, en una restauraci\u00f3n m\u00e1s o menos reciente fue retirada, dejando este trozo probabelmente como muestra. A ella le parec\u00eda mal (que retirasen lo que retiraron, no que dejasen lo que dejaron). Yo ya hab\u00eda visto alguna soluci\u00f3n de restauraci\u00f3n por el estilo en la iglesia del monasterio de Oseira: retirar intervenciones posteriores para recuperar el aspecto original del edificio. Imagino que siempre que se acomete un trabajo de restauraci\u00f3n es necesario tomar decisiones y siempre habr\u00e1 quien est\u00e9 de acuerdo y quien no. La opini\u00f3n de esta se\u00f1ora o la m\u00eda no son relevantes por lo que deberemos descansar en la decisi\u00f3n de los t\u00e9cnicos. Por otra parte, \u00a1qu\u00e9 remedio nos queda!<\/p>\n<p>El \u00faltimo detallito en el que me detendr\u00e9 es una figura del Pantocr\u00e1tor, el Salvador, que preside el templo detr\u00e1s del altar y de la que no consegu\u00ed de momento mayor informaci\u00f3n pero que me pareci\u00f3 muy bonita.<\/p>\n<figure id=\"attachment_110\" aria-describedby=\"caption-attachment-110\" style=\"width: 300px\" class=\"wp-caption alignnone\"><a href=\"http:\/\/luagris.net\/turismo\/wp-content\/uploads\/2017\/02\/pantocrator.jpg\"><img loading=\"lazy\" decoding=\"async\" src=\"http:\/\/luagris.net\/turismo\/wp-content\/uploads\/2017\/02\/pantocrator-300x225.jpg\" alt=\"\" width=\"300\" height=\"225\" class=\"size-medium wp-image-110\" srcset=\"https:\/\/luagris.net\/turismo\/wp-content\/uploads\/2017\/02\/pantocrator-300x225.jpg 300w, https:\/\/luagris.net\/turismo\/wp-content\/uploads\/2017\/02\/pantocrator.jpg 350w\" sizes=\"auto, (max-width: 300px) 85vw, 300px\" \/><\/a><figcaption id=\"caption-attachment-110\" class=\"wp-caption-text\">San Salvador de Cantamuda &#8211; Palencia &#8211; Pantocrator<\/figcaption><\/figure>\n<p>Nos despedimos de la se\u00f1ora y tomamos camino de regreso a Cervera de Pisuerga. <\/p>\n<p>Continuar\u00e1&#8230;<\/p>\n<p>(El mapa a continuaci\u00f3n tiene indicados tanto los lugares que se mencionan en esta entrada como los que mencionaremos en las entradas siguientes.)<\/p>\n<p><iframe loading=\"lazy\" src=\"https:\/\/www.google.com\/maps\/d\/u\/0\/embed?mid=1zMsx3xg4Hk947qd0NxrWLdT8U0o\" width=\"640\" height=\"480\"><\/iframe><\/p>\n","protected":false},"excerpt":{"rendered":"<p>Este fin de semana hicimos un viaje al norte de la provincia de Palencia. Contra la cara sur de la Cordilleira Cant\u00e1brica se sit\u00faa la regi\u00f3n llamada &#8220;monta\u00f1a palentina&#8221;. Tres son las localidades principales de [&hellip;]<\/p>\n","protected":false},"author":3,"featured_media":0,"comment_status":"open","ping_status":"open","sticky":false,"template":"","format":"standard","meta":{"jetpack_post_was_ever_published":false,"_jetpack_newsletter_access":"","_jetpack_dont_email_post_to_subs":false,"_jetpack_newsletter_tier_id":0,"_jetpack_memberships_contains_paywalled_content":false,"_jetpack_memberships_contains_paid_content":false,"footnotes":""},"categories":[183,218,228,243],"tags":[260,262,264,266,268,270,272,274,276,278,280,282],"class_list":["post-155","post","type-post","status-publish","format-standard","hentry","category-arquitectura-es","category-castilla","category-gotico-es","category-romanico-es","tag-aguilar-de-campoo-es","tag-castrejon-de-la-pena-es","tag-cervera-de-pisuerga-es","tag-cubillo-de-castrejon-es","tag-guardo-es","tag-la-asuncion-es","tag-palencia-es","tag-pison-de-castrejon-es","tag-san-salvador-de-cantamuda-es","tag-san-vicente-es","tag-santa-agueda-es","tag-santa-maria-del-castillo-es"],"jetpack_featured_media_url":"","jetpack_sharing_enabled":true,"jetpack_shortlink":"https:\/\/wp.me\/p8v7Zj-2v","_links":{"self":[{"href":"https:\/\/luagris.net\/turismo\/index.php?rest_route=\/wp\/v2\/posts\/155","targetHints":{"allow":["GET"]}}],"collection":[{"href":"https:\/\/luagris.net\/turismo\/index.php?rest_route=\/wp\/v2\/posts"}],"about":[{"href":"https:\/\/luagris.net\/turismo\/index.php?rest_route=\/wp\/v2\/types\/post"}],"author":[{"embeddable":true,"href":"https:\/\/luagris.net\/turismo\/index.php?rest_route=\/wp\/v2\/users\/3"}],"replies":[{"embeddable":true,"href":"https:\/\/luagris.net\/turismo\/index.php?rest_route=%2Fwp%2Fv2%2Fcomments&post=155"}],"version-history":[{"count":3,"href":"https:\/\/luagris.net\/turismo\/index.php?rest_route=\/wp\/v2\/posts\/155\/revisions"}],"predecessor-version":[{"id":163,"href":"https:\/\/luagris.net\/turismo\/index.php?rest_route=\/wp\/v2\/posts\/155\/revisions\/163"}],"wp:attachment":[{"href":"https:\/\/luagris.net\/turismo\/index.php?rest_route=%2Fwp%2Fv2%2Fmedia&parent=155"}],"wp:term":[{"taxonomy":"category","embeddable":true,"href":"https:\/\/luagris.net\/turismo\/index.php?rest_route=%2Fwp%2Fv2%2Fcategories&post=155"},{"taxonomy":"post_tag","embeddable":true,"href":"https:\/\/luagris.net\/turismo\/index.php?rest_route=%2Fwp%2Fv2%2Ftags&post=155"}],"curies":[{"name":"wp","href":"https:\/\/api.w.org\/{rel}","templated":true}]}}