{"id":97,"date":"2014-04-12T19:50:47","date_gmt":"2014-04-12T19:50:47","guid":{"rendered":"http:\/\/debaleas.blogaliza.org\/?p=97"},"modified":"2014-04-12T19:50:47","modified_gmt":"2014-04-12T19:50:47","slug":"magalhaes-escoita","status":"publish","type":"post","link":"https:\/\/luagris.net\/debaleas\/?p=97","title":{"rendered":"magalh\u00e3es escoita o canto da balea"},"content":{"rendered":"<p>con este comezo, o poema aspira a ser o que peche o libro.<br \/>\nvelaqu\u00ed unha primeira versi\u00f3n en verso. f\u00e1ltalle a\u00ednda, pero avanza.<\/p>\n<p>&nbsp;<\/p>\n<p>e o poema sobre magalh\u00e3es<br \/>\nque no empe\u00f1o por arrodear<br \/>\no mundo<br \/>\ne acadar as illas das especias<br \/>\narribou sen sabelo<br \/>\n\u00e1 terra das baleas<\/p>\n<p>ou deber\u00eda dicir<br \/>\nao seu mar<\/p>\n<p>&nbsp;<\/p>\n<p>ser\u00eda inverno \u00e1rido<br \/>\nou acaso non \u00e9 pos\u00edbel<br \/>\nimaxinar doutro clima<br \/>\na terra dos araucanos<\/p>\n<p>&nbsp;<\/p>\n<p>imaxina que cres<br \/>\nque o mundo \u00e9 m\u00e1is extenso<br \/>\ndo que dictan os mapas<\/p>\n<p>que colles un barco<br \/>\nun que pode destru\u00edrte<br \/>\npero que \u00e9 pequeno se o comparas<br \/>\nco horizonte<\/p>\n<p>cal \u00e9<br \/>\na dimensi\u00f3n da t\u00faa certeza?<\/p>\n<p>cal o l\u00edmite da ousad\u00eda<br \/>\ne da ventura?<\/p>\n<p>&nbsp;<\/p>\n<p>imaxina os ollos<br \/>\ndaquel home pequeno<br \/>\nao chegar a araucania<\/p>\n<p>toda aquela vastedade erma<\/p>\n<p>&nbsp;<\/p>\n<p>imax\u00ednao diante<br \/>\ndaqueles animais fant\u00e1sticos<br \/>\nque divisou a deambular maxestosos<br \/>\nnaquela enseada inh\u00f3spita<br \/>\ne s\u00faa<br \/>\ne preciosa<\/p>\n<p>pavor ou calma<br \/>\nacompa\u00f1ar\u00eda o alborecer<br \/>\narrodeado de vento e mar profundo<br \/>\ne os seus cantos?<\/p>\n<p>&nbsp;<\/p>\n<p>pero o destino de magalh\u00e3es<br \/>\nestaba a\u00ednda moi lonxe<\/p>\n<p>(non tanto como desexaba<br \/>\npero el non o sab\u00eda)<\/p>\n<p>e decidiu non deixarse levar<br \/>\npor aquela harmon\u00eda ins\u00f3lita<\/p>\n<p>e continuar viaxe incerta<\/p>\n<p>&nbsp;<\/p>\n<p>ou acaso atopara<br \/>\nante aqueles seres inconmensur\u00e1beis o l\u00edmite do seu valor<\/p>\n<p>&nbsp;<\/p>\n<p>e partiu un d\u00eda<br \/>\ndas paisaxes ermas<\/p>\n<p>puxo proa m\u00e1is ao sul<br \/>\nna teima do paso procurado<br \/>\ne atopouno<br \/>\ne herdoulle o seu nome<br \/>\ne nomeou o oc\u00e9ano pac\u00edfico<\/p>\n<p>&nbsp;<\/p>\n<p>imaxina que as t\u00faas forzas est\u00e1n<br \/>\nno l\u00edmite<br \/>\ndespois de atravesar<br \/>\ntodo o mar co\u00f1ecido<\/p>\n<p>e que ao contornar as marxes<br \/>\natopas outro horizonte<br \/>\nm\u00e1is agotador a\u00ednda<\/p>\n<p>&nbsp;<\/p>\n<p>aquel novo mar enfrontou<br \/>\nmagalh\u00e3es<\/p>\n<p>venceuno tam\u00e9n<br \/>\npero morreu sen sabelo<br \/>\ncando xa acadara outra vez<br \/>\no mundo co\u00f1ecido<\/p>\n<p>&nbsp;<\/p>\n<p>e no estrondo da batalla<br \/>\nna lanza que o atravesa<br \/>\nvolveu escoitar o canto das baleas<\/p>\n<p>morreu triste<br \/>\nporque non dera atopado a calma porque non ti\u00f1a certeza de que aquel fose<br \/>\no seu horizonte<\/p>\n","protected":false},"excerpt":{"rendered":"<p>con este comezo, o poema aspira a ser o que peche o libro. velaqu\u00ed unha primeira versi\u00f3n en verso. f\u00e1ltalle a\u00ednda, pero avanza. &nbsp; e o poema sobre magalh\u00e3es que no empe\u00f1o por arrodear o mundo e acadar as illas das especias arribou sen sabelo \u00e1 terra das baleas ou deber\u00eda dicir ao seu mar [&hellip;]<\/p>\n","protected":false},"author":3,"featured_media":0,"comment_status":"closed","ping_status":"closed","sticky":false,"template":"","format":"standard","meta":{"footnotes":""},"categories":[15,4],"tags":[],"class_list":["post-97","post","type-post","status-publish","format-standard","hentry","category-magallanes","category-textos"],"_links":{"self":[{"href":"https:\/\/luagris.net\/debaleas\/index.php?rest_route=\/wp\/v2\/posts\/97","targetHints":{"allow":["GET"]}}],"collection":[{"href":"https:\/\/luagris.net\/debaleas\/index.php?rest_route=\/wp\/v2\/posts"}],"about":[{"href":"https:\/\/luagris.net\/debaleas\/index.php?rest_route=\/wp\/v2\/types\/post"}],"author":[{"embeddable":true,"href":"https:\/\/luagris.net\/debaleas\/index.php?rest_route=\/wp\/v2\/users\/3"}],"replies":[{"embeddable":true,"href":"https:\/\/luagris.net\/debaleas\/index.php?rest_route=%2Fwp%2Fv2%2Fcomments&post=97"}],"version-history":[{"count":0,"href":"https:\/\/luagris.net\/debaleas\/index.php?rest_route=\/wp\/v2\/posts\/97\/revisions"}],"wp:attachment":[{"href":"https:\/\/luagris.net\/debaleas\/index.php?rest_route=%2Fwp%2Fv2%2Fmedia&parent=97"}],"wp:term":[{"taxonomy":"category","embeddable":true,"href":"https:\/\/luagris.net\/debaleas\/index.php?rest_route=%2Fwp%2Fv2%2Fcategories&post=97"},{"taxonomy":"post_tag","embeddable":true,"href":"https:\/\/luagris.net\/debaleas\/index.php?rest_route=%2Fwp%2Fv2%2Ftags&post=97"}],"curies":[{"name":"wp","href":"https:\/\/api.w.org\/{rel}","templated":true}]}}