{"id":314,"date":"2017-09-14T09:32:50","date_gmt":"2017-09-14T09:32:50","guid":{"rendered":"http:\/\/luagris.net\/debaleas\/?p=314"},"modified":"2017-09-14T09:32:50","modified_gmt":"2017-09-14T09:32:50","slug":"baleas-desenadas-navegamos","status":"publish","type":"post","link":"https:\/\/luagris.net\/debaleas\/?p=314","title":{"rendered":"baleas dese\u00f1adas. navegamos!"},"content":{"rendered":"<p>por fin! onte enviei \u00e1 imprenta os interiores do libro. vaise imprimir en noia, en sementeira, onde, desde hai anos xa, sempre se imprimen os libros de caldeir\u00f3n.<\/p>\n<p>o dese\u00f1o que vai na portada, como comentei o outro d\u00eda, ser\u00e1 de tokio. finalmente escollemos unha versi\u00f3n que leva algo de cor:<\/p>\n<p><a href=\"http:\/\/luagris.net\/debaleas\/wp-content\/uploads\/2017\/09\/portada-desenho-para-web.jpg\"><img loading=\"lazy\" decoding=\"async\" src=\"http:\/\/luagris.net\/debaleas\/wp-content\/uploads\/2017\/09\/portada-desenho-para-web-300x210.jpg\" alt=\"\" width=\"300\" height=\"210\" class=\"alignnone size-medium wp-image-315\" srcset=\"https:\/\/luagris.net\/debaleas\/wp-content\/uploads\/2017\/09\/portada-desenho-para-web-300x210.jpg 300w, https:\/\/luagris.net\/debaleas\/wp-content\/uploads\/2017\/09\/portada-desenho-para-web-768x539.jpg 768w, https:\/\/luagris.net\/debaleas\/wp-content\/uploads\/2017\/09\/portada-desenho-para-web-624x438.jpg 624w, https:\/\/luagris.net\/debaleas\/wp-content\/uploads\/2017\/09\/portada-desenho-para-web.jpg 800w\" sizes=\"auto, (max-width: 300px) 100vw, 300px\" \/><\/a><\/p>\n<p>pero non \u00e9 o \u00fanico que aporta tokio a esta edici\u00f3n: fixo algo moito m\u00e1is grande! un comic que incl\u00fae unha adaptaci\u00f3n feita por min de dous poemas do libro.<\/p>\n<p>tokio \u00e9 un grande da banda dese\u00f1ada galega. pero, ademais, cando pensei nun libro de baleas el sempre estivo presente. non foi unha escolla, era case unha obriga que fose tokio quen dese\u00f1ase estas p\u00e1xinas. unha obriga que acepto encantado!<\/p>\n<p>o comic ir\u00e1 nun pequeno caderni\u00f1o aparte. velaqu\u00ed unha das p\u00e1xinas:<\/p>\n<p><a href=\"http:\/\/luagris.net\/debaleas\/wp-content\/uploads\/2017\/09\/varada01_para-web.jpg\"><img loading=\"lazy\" decoding=\"async\" src=\"http:\/\/luagris.net\/debaleas\/wp-content\/uploads\/2017\/09\/varada01_para-web.jpg\" alt=\"\" width=\"700\" height=\"967\" class=\"alignnone size-full wp-image-317\" srcset=\"https:\/\/luagris.net\/debaleas\/wp-content\/uploads\/2017\/09\/varada01_para-web.jpg 700w, https:\/\/luagris.net\/debaleas\/wp-content\/uploads\/2017\/09\/varada01_para-web-217x300.jpg 217w, https:\/\/luagris.net\/debaleas\/wp-content\/uploads\/2017\/09\/varada01_para-web-624x862.jpg 624w\" sizes=\"auto, (max-width: 700px) 100vw, 700px\" \/><\/a><\/p>\n<p>por \u00faltimo, como ocorre sempre nos libros de caldeir\u00f3n, o poemario leva algunhas ilustraci\u00f3ns interiores. para iso, escoll\u00edn alg\u00fans dos borradores que fixo tokio para estes poemas e mais para alg\u00fan outro que finalmente non acabou de callar.<\/p>\n<p><a href=\"http:\/\/luagris.net\/debaleas\/wp-content\/uploads\/2017\/09\/imaxe_interior-para-web.jpg\"><img loading=\"lazy\" decoding=\"async\" src=\"http:\/\/luagris.net\/debaleas\/wp-content\/uploads\/2017\/09\/imaxe_interior-para-web-300x240.jpg\" alt=\"\" width=\"300\" height=\"240\" class=\"alignnone size-medium wp-image-318\" srcset=\"https:\/\/luagris.net\/debaleas\/wp-content\/uploads\/2017\/09\/imaxe_interior-para-web-300x240.jpg 300w, https:\/\/luagris.net\/debaleas\/wp-content\/uploads\/2017\/09\/imaxe_interior-para-web-624x500.jpg 624w, https:\/\/luagris.net\/debaleas\/wp-content\/uploads\/2017\/09\/imaxe_interior-para-web.jpg 735w\" sizes=\"auto, (max-width: 300px) 100vw, 300px\" \/><\/a><\/p>\n<p>algo como isto (a\u00ednda que esta versi\u00f3n desta imaxe, en concreto, tampouco non est\u00e1 no libro).<\/p>\n<p>e todo isto nos d\u00edas nos que navegar l\u00e9vanos (a\u00ednda m\u00e1is) a xohana torres. ela vai connosco nesta viaxe.<\/p>\n","protected":false},"excerpt":{"rendered":"<p>por fin! onte enviei \u00e1 imprenta os interiores do libro. vaise imprimir en noia, en sementeira, onde, desde hai anos xa, sempre se imprimen os libros de caldeir\u00f3n. o dese\u00f1o que vai na portada, como comentei o outro d\u00eda, ser\u00e1 de tokio. finalmente escollemos unha versi\u00f3n que leva algo de cor: pero non \u00e9 o [&hellip;]<\/p>\n","protected":false},"author":3,"featured_media":0,"comment_status":"open","ping_status":"open","sticky":false,"template":"","format":"standard","meta":{"footnotes":""},"categories":[42,2],"tags":[44,46,43,47],"class_list":["post-314","post","type-post","status-publish","format-standard","hentry","category-en-papel","category-proceso","tag-caldeiron","tag-sementeira","tag-tokio","tag-xohana-torres"],"_links":{"self":[{"href":"https:\/\/luagris.net\/debaleas\/index.php?rest_route=\/wp\/v2\/posts\/314","targetHints":{"allow":["GET"]}}],"collection":[{"href":"https:\/\/luagris.net\/debaleas\/index.php?rest_route=\/wp\/v2\/posts"}],"about":[{"href":"https:\/\/luagris.net\/debaleas\/index.php?rest_route=\/wp\/v2\/types\/post"}],"author":[{"embeddable":true,"href":"https:\/\/luagris.net\/debaleas\/index.php?rest_route=\/wp\/v2\/users\/3"}],"replies":[{"embeddable":true,"href":"https:\/\/luagris.net\/debaleas\/index.php?rest_route=%2Fwp%2Fv2%2Fcomments&post=314"}],"version-history":[{"count":2,"href":"https:\/\/luagris.net\/debaleas\/index.php?rest_route=\/wp\/v2\/posts\/314\/revisions"}],"predecessor-version":[{"id":319,"href":"https:\/\/luagris.net\/debaleas\/index.php?rest_route=\/wp\/v2\/posts\/314\/revisions\/319"}],"wp:attachment":[{"href":"https:\/\/luagris.net\/debaleas\/index.php?rest_route=%2Fwp%2Fv2%2Fmedia&parent=314"}],"wp:term":[{"taxonomy":"category","embeddable":true,"href":"https:\/\/luagris.net\/debaleas\/index.php?rest_route=%2Fwp%2Fv2%2Fcategories&post=314"},{"taxonomy":"post_tag","embeddable":true,"href":"https:\/\/luagris.net\/debaleas\/index.php?rest_route=%2Fwp%2Fv2%2Ftags&post=314"}],"curies":[{"name":"wp","href":"https:\/\/api.w.org\/{rel}","templated":true}]}}