{"id":300,"date":"2016-03-24T11:12:17","date_gmt":"2016-03-24T11:12:17","guid":{"rendered":"http:\/\/luagris.net\/debaleas\/?p=300"},"modified":"2016-05-17T08:20:47","modified_gmt":"2016-05-17T08:20:47","slug":"alguns-retoques-no-sono-de-tunon","status":"publish","type":"post","link":"https:\/\/luagris.net\/debaleas\/?p=300","title":{"rendered":"alg\u00fans retoques n&#8217;o so\u00f1o de tu\u00f1\u00f3n"},"content":{"rendered":"<p>fixen alg\u00fans retoques n&#8217;o so\u00f1o de tu\u00f1\u00f3n: cambiei unha referencia xeogr\u00e1fica e alixeirei algunhas pasaxes.<br \/>\nnestes d\u00edas tentarei preparar un poema m\u00e1is. \u00e9 un que levo gardando uns meses nun papel. o nacemento dese texto ten unha pequena historia que xa contarei.<\/p>\n<p>a nova versi\u00f3n d&#8217;os so\u00f1os de tu\u00f1\u00f3n \u00e9 esta: <\/p>\n<p>sobre a mesa dun bar<br \/>\no poeta ra\u00fal<br \/>\ngonz\u00e1lez tu\u00f1\u00f3n espalla<br \/>\nfotogramas de infancia en boedo <\/p>\n<blockquote><p>(ou en calquera outro recanto<br \/>\nou recordo)<\/p><\/blockquote>\n<p>&nbsp;<\/p>\n<p>na pel\u00edcula hai r\u00faas anegadas <\/p>\n<blockquote><p>(no so\u00f1o t\u00f3rnase venecia<\/p>\n<p>e ch\u00e1mase noia ou fisterra)<\/p><\/blockquote>\n<p>&nbsp;<\/p>\n<p>pero tal vez o poeta confunda<br \/>\nhistorias de seu pai <\/p>\n<p>ficci\u00f3ns doutra nostalxia<\/p>\n<p>&nbsp;<\/p>\n<p>o relato \u00e9 en branco e negro<br \/>\ne ten barcos nas r\u00faas<br \/>\ne os nenos chapuzan e corren e rin<\/p>\n<p>&nbsp;<\/p>\n<p>e acaso de fondo<br \/>\npoida intu\u00edrse na n\u00e9boa<br \/>\nun porto baleeiro<br \/>\ne cad\u00e1veres de cachalotes<\/p>\n<p>&nbsp;<\/p>\n<p>nunca navegou<br \/>\nbalea<br \/>\npolo r\u00edo que transcorre<br \/>\ndebaixo da ponte <\/p>\n<p>houbo algunha vez unha noria<\/p>\n<p>pero agora \u00e9 nome<br \/>\ne nos cabalos de madeira<br \/>\nnon montan nenos tristes<\/p>\n<p>&nbsp;<\/p>\n<p>resoa a pianola no empedrado<br \/>\nnos recordos (inventados) do poeta<\/p>\n<p>e a chuvia<br \/>\ncando repenica sobre a inundaci\u00f3n<br \/>\nesl\u00fae a memoria<br \/>\n&nbsp;<\/p>\n","protected":false},"excerpt":{"rendered":"<p>fixen alg\u00fans retoques n&#8217;o so\u00f1o de tu\u00f1\u00f3n: cambiei unha referencia xeogr\u00e1fica e alixeirei algunhas pasaxes. nestes d\u00edas tentarei preparar un poema m\u00e1is. \u00e9 un que levo gardando uns meses nun papel. o nacemento dese texto ten unha pequena historia que xa contarei. a nova versi\u00f3n d&#8217;os so\u00f1os de tu\u00f1\u00f3n \u00e9 esta: sobre a mesa dun [&hellip;]<\/p>\n","protected":false},"author":3,"featured_media":0,"comment_status":"open","ping_status":"open","sticky":false,"template":"","format":"standard","meta":{"footnotes":""},"categories":[39,2,4],"tags":[40,41,33,36],"class_list":["post-300","post","type-post","status-publish","format-standard","hentry","category-os-sonos-de-tunon","category-proceso","category-textos","tag-boedo","tag-puente-la-noria","tag-raul-gonzalez-tunon","tag-venecia"],"_links":{"self":[{"href":"https:\/\/luagris.net\/debaleas\/index.php?rest_route=\/wp\/v2\/posts\/300","targetHints":{"allow":["GET"]}}],"collection":[{"href":"https:\/\/luagris.net\/debaleas\/index.php?rest_route=\/wp\/v2\/posts"}],"about":[{"href":"https:\/\/luagris.net\/debaleas\/index.php?rest_route=\/wp\/v2\/types\/post"}],"author":[{"embeddable":true,"href":"https:\/\/luagris.net\/debaleas\/index.php?rest_route=\/wp\/v2\/users\/3"}],"replies":[{"embeddable":true,"href":"https:\/\/luagris.net\/debaleas\/index.php?rest_route=%2Fwp%2Fv2%2Fcomments&post=300"}],"version-history":[{"count":3,"href":"https:\/\/luagris.net\/debaleas\/index.php?rest_route=\/wp\/v2\/posts\/300\/revisions"}],"predecessor-version":[{"id":306,"href":"https:\/\/luagris.net\/debaleas\/index.php?rest_route=\/wp\/v2\/posts\/300\/revisions\/306"}],"wp:attachment":[{"href":"https:\/\/luagris.net\/debaleas\/index.php?rest_route=%2Fwp%2Fv2%2Fmedia&parent=300"}],"wp:term":[{"taxonomy":"category","embeddable":true,"href":"https:\/\/luagris.net\/debaleas\/index.php?rest_route=%2Fwp%2Fv2%2Fcategories&post=300"},{"taxonomy":"post_tag","embeddable":true,"href":"https:\/\/luagris.net\/debaleas\/index.php?rest_route=%2Fwp%2Fv2%2Ftags&post=300"}],"curies":[{"name":"wp","href":"https:\/\/api.w.org\/{rel}","templated":true}]}}