{"id":283,"date":"2016-01-18T08:24:42","date_gmt":"2016-01-18T08:24:42","guid":{"rendered":"http:\/\/luagris.net\/debaleas\/?p=283"},"modified":"2016-03-24T11:07:17","modified_gmt":"2016-03-24T11:07:17","slug":"os-sonos-de-tunon","status":"publish","type":"post","link":"https:\/\/luagris.net\/debaleas\/?p=283","title":{"rendered":"os so\u00f1os de tu\u00f1\u00f3n"},"content":{"rendered":"<p>cando o libro xa semellaba achegarse \u00e1 s\u00faa forma final definitiva (a\u00ednda que tal vez nada sexa definitivo nas edici\u00f3ns dixitais) (o ritmo desta frase \u00e9 intencionadamente paralelo ao de d\u00faas estrofas de <a href=\"http:\/\/luagris.net\/debaleas\/?page_id=11\">ulises<\/a>), aparece este novo poema, &#8220;<a href=\"http:\/\/luagris.net\/debaleas\/?page_id=279\">os so\u00f1os de tu\u00f1\u00f3n<\/a>&#8220;.<br \/>\nengado a <a href=\"http:\/\/luagris.net\/debaleas\/?page_id=281\">versi\u00f3n inicial<\/a> e mais, cando vou preparar a p\u00e1xina principal p\u00f3\u00f1oo xa en verso e m\u00e9tolle as primeiras modificaci\u00f3ns.<br \/>\no poema \u00e9 unha escusa para reflexionar sobre os espazos de indeterminaci\u00f3n (as referencias imprecisas dos textos que deixan ocos para os engadidos do momento da lectura), ademais de para evocar alg\u00fans espazos (alg\u00fans tempos) deses que a\u00ednda que nunca fosen propios si que o son porque o son da memoria colectiva.<\/p>\n<p>nota: <a href=\"?page_id=296\">esta<\/a> \u00e9 a versi\u00f3n do poema publicada o 18\/01\/2016<\/p>\n","protected":false},"excerpt":{"rendered":"<p>cando o libro xa semellaba achegarse \u00e1 s\u00faa forma final definitiva (a\u00ednda que tal vez nada sexa definitivo nas edici\u00f3ns dixitais) (o ritmo desta frase \u00e9 intencionadamente paralelo ao de d\u00faas estrofas de ulises), aparece este novo poema, &#8220;os so\u00f1os de tu\u00f1\u00f3n&#8220;. engado a versi\u00f3n inicial e mais, cando vou preparar a p\u00e1xina principal p\u00f3\u00f1oo [&hellip;]<\/p>\n","protected":false},"author":3,"featured_media":0,"comment_status":"open","ping_status":"open","sticky":false,"template":"","format":"standard","meta":{"footnotes":""},"categories":[39,4],"tags":[],"class_list":["post-283","post","type-post","status-publish","format-standard","hentry","category-os-sonos-de-tunon","category-textos"],"_links":{"self":[{"href":"https:\/\/luagris.net\/debaleas\/index.php?rest_route=\/wp\/v2\/posts\/283","targetHints":{"allow":["GET"]}}],"collection":[{"href":"https:\/\/luagris.net\/debaleas\/index.php?rest_route=\/wp\/v2\/posts"}],"about":[{"href":"https:\/\/luagris.net\/debaleas\/index.php?rest_route=\/wp\/v2\/types\/post"}],"author":[{"embeddable":true,"href":"https:\/\/luagris.net\/debaleas\/index.php?rest_route=\/wp\/v2\/users\/3"}],"replies":[{"embeddable":true,"href":"https:\/\/luagris.net\/debaleas\/index.php?rest_route=%2Fwp%2Fv2%2Fcomments&post=283"}],"version-history":[{"count":3,"href":"https:\/\/luagris.net\/debaleas\/index.php?rest_route=\/wp\/v2\/posts\/283\/revisions"}],"predecessor-version":[{"id":298,"href":"https:\/\/luagris.net\/debaleas\/index.php?rest_route=\/wp\/v2\/posts\/283\/revisions\/298"}],"wp:attachment":[{"href":"https:\/\/luagris.net\/debaleas\/index.php?rest_route=%2Fwp%2Fv2%2Fmedia&parent=283"}],"wp:term":[{"taxonomy":"category","embeddable":true,"href":"https:\/\/luagris.net\/debaleas\/index.php?rest_route=%2Fwp%2Fv2%2Fcategories&post=283"},{"taxonomy":"post_tag","embeddable":true,"href":"https:\/\/luagris.net\/debaleas\/index.php?rest_route=%2Fwp%2Fv2%2Ftags&post=283"}],"curies":[{"name":"wp","href":"https:\/\/api.w.org\/{rel}","templated":true}]}}