{"id":146,"date":"2014-12-01T14:13:07","date_gmt":"2014-12-01T14:13:07","guid":{"rendered":"http:\/\/debaleas.blogaliza.org\/?p=146"},"modified":"2014-12-01T14:13:07","modified_gmt":"2014-12-01T14:13:07","slug":"penultima-oportunidade-2","status":"publish","type":"post","link":"https:\/\/luagris.net\/debaleas\/?p=146","title":{"rendered":"(pen)\u00faltima oportunidade (2)"},"content":{"rendered":"<p>estoutro texto, que a semana pasada valorei eliminar, penso que tam\u00e9n pode resucitar cun tratamento que consiste na utilizaci\u00f3n intensiva da tecla &#8220;supr&#8221;.<br \/>\n&nbsp;<br \/>\n&nbsp;<\/p>\n<p>n falaba dunha flor<br \/>\nque fac\u00eda parte<br \/>\ndas construci\u00f3ns da memoria de m<br \/>\n&nbsp;<\/p>\n<p>pero no relato<br \/>\ndevi\u00f1a invasora<br \/>\nocup\u00e1bao todo<br \/>\nabafaba as \u00e1rbores<br \/>\nat\u00e9 o exterminio<br \/>\n&nbsp;<br \/>\n&nbsp;<\/p>\n<p>de improviso<br \/>\na paisaxe da conversa<br \/>\ne a da memoria de m<br \/>\neran outras<\/p>\n<p>ou <\/p>\n<p>o relato causaba<br \/>\nnas postais da infancia de m<br \/>\nun defecto de forma<br \/>\n&nbsp;<br \/>\n&nbsp;<\/p>\n<p>m escoitaba<br \/>\ne debat\u00edase entre o esforzo<br \/>\nde intercalar a novidade<br \/>\nnas s\u00faas propias fotograf\u00edas<br \/>\nou facer<br \/>\nresistir<br \/>\na paisaxe<br \/>\n&nbsp;<br \/>\n&nbsp;<\/p>\n<p>\u00e9 m\u00e1is c\u00e1lida a memoria dun tempo<br \/>\ne un lugar inexistentes?<\/p>\n<p>ou a certeza de sabermos dese\u00f1ar<br \/>\nterritorios novos<br \/>\na\u00ednda que doian?<br \/>\n&nbsp;<br \/>\n&nbsp;<\/p>\n<p>o poema \u00e9<br \/>\no negativo dunha foto neboenta<br \/>\n&nbsp;<\/p>\n<p>e se procuras entender o presente<br \/>\ncuestionando a paisaxe<br \/>\no mundo v\u00f3lvese inest\u00e1bel<br \/>\n&nbsp;<br \/>\n&nbsp;<\/p>\n<p>son iguais as singraduras da balea<\/p>\n<p>conservan memoria na pel<br \/>\npero eses mapas son<br \/>\ninvis\u00edbeis aos seus ollos<br \/>\n&nbsp;<\/p>\n","protected":false},"excerpt":{"rendered":"<p>estoutro texto, que a semana pasada valorei eliminar, penso que tam\u00e9n pode resucitar cun tratamento que consiste na utilizaci\u00f3n intensiva da tecla &#8220;supr&#8221;. &nbsp; &nbsp; n falaba dunha flor que fac\u00eda parte das construci\u00f3ns da memoria de m &nbsp; pero no relato devi\u00f1a invasora ocup\u00e1bao todo abafaba as \u00e1rbores at\u00e9 o exterminio &nbsp; &nbsp; de [&hellip;]<\/p>\n","protected":false},"author":3,"featured_media":0,"comment_status":"closed","ping_status":"closed","sticky":false,"template":"","format":"standard","meta":{"footnotes":""},"categories":[8,4],"tags":[],"class_list":["post-146","post","type-post","status-publish","format-standard","hentry","category-clavel-del-aire","category-textos"],"_links":{"self":[{"href":"https:\/\/luagris.net\/debaleas\/index.php?rest_route=\/wp\/v2\/posts\/146","targetHints":{"allow":["GET"]}}],"collection":[{"href":"https:\/\/luagris.net\/debaleas\/index.php?rest_route=\/wp\/v2\/posts"}],"about":[{"href":"https:\/\/luagris.net\/debaleas\/index.php?rest_route=\/wp\/v2\/types\/post"}],"author":[{"embeddable":true,"href":"https:\/\/luagris.net\/debaleas\/index.php?rest_route=\/wp\/v2\/users\/3"}],"replies":[{"embeddable":true,"href":"https:\/\/luagris.net\/debaleas\/index.php?rest_route=%2Fwp%2Fv2%2Fcomments&post=146"}],"version-history":[{"count":0,"href":"https:\/\/luagris.net\/debaleas\/index.php?rest_route=\/wp\/v2\/posts\/146\/revisions"}],"wp:attachment":[{"href":"https:\/\/luagris.net\/debaleas\/index.php?rest_route=%2Fwp%2Fv2%2Fmedia&parent=146"}],"wp:term":[{"taxonomy":"category","embeddable":true,"href":"https:\/\/luagris.net\/debaleas\/index.php?rest_route=%2Fwp%2Fv2%2Fcategories&post=146"},{"taxonomy":"post_tag","embeddable":true,"href":"https:\/\/luagris.net\/debaleas\/index.php?rest_route=%2Fwp%2Fv2%2Ftags&post=146"}],"curies":[{"name":"wp","href":"https:\/\/api.w.org\/{rel}","templated":true}]}}