{"id":136,"date":"2014-09-16T22:12:34","date_gmt":"2014-09-16T22:12:34","guid":{"rendered":"http:\/\/debaleas.blogaliza.org\/?p=136"},"modified":"2014-09-16T22:12:34","modified_gmt":"2014-09-16T22:12:34","slug":"onde-ponas-a-vista-ou-o-oido-hai-unha-balea","status":"publish","type":"post","link":"https:\/\/luagris.net\/debaleas\/?p=136","title":{"rendered":"onde po\u00f1as a vista (ou o o\u00eddo) hai unha balea"},"content":{"rendered":"<p>esta tempada atopo baleas al\u00e1 onde miro. e baleas atrav\u00e9sanseme no cami\u00f1o decote. tres exemplos:<\/p>\n<p><u>un<\/u><br \/>\nen xu\u00f1o, vertixe sonora ensemble ofreceu, dentro do ciclo &#8220;do audible&#8221;, <a href=\"http:\/\/vertixesonora.net\/o-canto-das-baleas\/\">un concerto titulado &#8220;o canto das baleas&#8221;<\/a>.<br \/>\nnon puiden asistir pero na rede fun atopando as pezas inclu\u00eddas no programa (que non \u00e9 o mesmo pero \u00e9 o que hai, dir\u00eda -aproximadamente- silvio rodr\u00edguez):<\/p>\n<p>&#8220;canto de balea&#8221; do sarri\u00e1n abraham cupeiro en versi\u00f3n da orquestra de c\u00e1mara galega e abraham cupeiro (karnix).<br \/>\n<iframe loading=\"lazy\" width=\"560\" height=\"315\" src=\"\/\/www.youtube.com\/embed\/AnehK6Z3d6s\" frameborder=\"0\"><\/iframe><\/p>\n<p>&#8220;toposition(s) #3&#8221; de charles-antoine fr\u00e8chette (creo que a versi\u00f3n que aparece aqu\u00ed \u00e9 de vertixe sonora ensemble)<br \/>\n<iframe loading=\"lazy\" title=\"Toposition(s)#3 - stereo mix by Charles-Antoine Fr\u00e9chette\" width=\"625\" height=\"400\" scrolling=\"no\" frameborder=\"no\" src=\"https:\/\/w.soundcloud.com\/player\/?visual=true&#038;url=https%3A%2F%2Fapi.soundcloud.com%2Ftracks%2F116096917&#038;show_artwork=true&#038;maxheight=938&#038;maxwidth=625\"><\/iframe><\/p>\n<p>&#8220;ballad&#8221; de fernando garnero (versi\u00f3n do ensemble l&#8217;imaginaire)<br \/>\n<iframe loading=\"lazy\" title=\"Ballad by Fernando Garnero\" width=\"625\" height=\"400\" scrolling=\"no\" frameborder=\"no\" src=\"https:\/\/w.soundcloud.com\/player\/?visual=true&#038;url=https%3A%2F%2Fapi.soundcloud.com%2Ftracks%2F97809687&#038;show_artwork=true&#038;maxheight=938&#038;maxwidth=625\"><\/iframe><\/p>\n<p><u>dous<\/u><br \/>\nunha das moitas cousas que lin este ver\u00e1n foi o <em>ardal\u00e9n<\/em> de miguel-anxo prado, onde as baleas te\u00f1en un secundario moi protag\u00f3nico.<br \/>\nalgunhas das marabillosas baleas do libro poden verse n<a href=\"http:\/\/miguelanxoprado.com\/wordpress\/?p=398\">esta entrada do seu blog<\/a>:<\/p>\n<p><u>tres<\/u><br \/>\nhoxe atopei <a href=\"http:\/\/www.manuelgago.org\/blog\/index.php\/2014\/09\/15\/cando-as-baleas-entraban-na-ria-de-arousa\/\">esta preciosa cr\u00f3nica de manuel gago no seu cap\u00edtulo cero<\/a> que ten baleas e poemas: nin que estivese feito para min.<\/p>\n","protected":false},"excerpt":{"rendered":"<p>esta tempada atopo baleas al\u00e1 onde miro. e baleas atrav\u00e9sanseme no cami\u00f1o decote. tres exemplos: un en xu\u00f1o, vertixe sonora ensemble ofreceu, dentro do ciclo &#8220;do audible&#8221;, un concerto titulado &#8220;o canto das baleas&#8221;. non puiden asistir pero na rede fun atopando as pezas inclu\u00eddas no programa (que non \u00e9 o mesmo pero \u00e9 o [&hellip;]<\/p>\n","protected":false},"author":3,"featured_media":0,"comment_status":"closed","ping_status":"closed","sticky":false,"template":"","format":"standard","meta":{"footnotes":""},"categories":[3],"tags":[],"class_list":["post-136","post","type-post","status-publish","format-standard","hentry","category-sen-categoria"],"_links":{"self":[{"href":"https:\/\/luagris.net\/debaleas\/index.php?rest_route=\/wp\/v2\/posts\/136","targetHints":{"allow":["GET"]}}],"collection":[{"href":"https:\/\/luagris.net\/debaleas\/index.php?rest_route=\/wp\/v2\/posts"}],"about":[{"href":"https:\/\/luagris.net\/debaleas\/index.php?rest_route=\/wp\/v2\/types\/post"}],"author":[{"embeddable":true,"href":"https:\/\/luagris.net\/debaleas\/index.php?rest_route=\/wp\/v2\/users\/3"}],"replies":[{"embeddable":true,"href":"https:\/\/luagris.net\/debaleas\/index.php?rest_route=%2Fwp%2Fv2%2Fcomments&post=136"}],"version-history":[{"count":0,"href":"https:\/\/luagris.net\/debaleas\/index.php?rest_route=\/wp\/v2\/posts\/136\/revisions"}],"wp:attachment":[{"href":"https:\/\/luagris.net\/debaleas\/index.php?rest_route=%2Fwp%2Fv2%2Fmedia&parent=136"}],"wp:term":[{"taxonomy":"category","embeddable":true,"href":"https:\/\/luagris.net\/debaleas\/index.php?rest_route=%2Fwp%2Fv2%2Fcategories&post=136"},{"taxonomy":"post_tag","embeddable":true,"href":"https:\/\/luagris.net\/debaleas\/index.php?rest_route=%2Fwp%2Fv2%2Ftags&post=136"}],"curies":[{"name":"wp","href":"https:\/\/api.w.org\/{rel}","templated":true}]}}