{"id":133,"date":"2014-08-18T17:04:11","date_gmt":"2014-08-18T17:04:11","guid":{"rendered":"http:\/\/debaleas.blogaliza.org\/?p=133"},"modified":"2014-08-18T17:04:11","modified_gmt":"2014-08-18T17:04:11","slug":"do-papel-clavel-del-aire-1","status":"publish","type":"post","link":"https:\/\/luagris.net\/debaleas\/?p=133","title":{"rendered":"do papel (clavel del aire 1)"},"content":{"rendered":"<p>a clave para esta revisi\u00f3n dos textos parece ser &#8220;alixeirar&#8221;. tal vez sexa esta a clave para toda revisi\u00f3n. cando menos no meu caso. o momento da escrita \u00e9, \u00e1s veces, excesivo. e \u00e9 o tempo o que deixa ver o celme do poema no medio das follas.<br \/>\ncando escrib\u00eda ou revisaba (xa non lembro) este texto, a escoita d<a href=\"https:\/\/www.youtube.com\/watch?v=BC2jvfu0njc&amp;list=PLF0A08A13D28C73F8\">un precioso disco<\/a> de <a href=\"http:\/\/www.youtube.com\/watch?v=cKZbFrTHgFg\">v\u00edtor ramil<\/a> f\u00edxome intercalar algunhas reflexi\u00f3ns adicionais no medio do poema.<br \/>\nagora esas ideas creo que permanecen, pero as referencias m\u00e1is evidentes \u00e1 fonte retireinas porque s\u00f3 engad\u00edan confusi\u00f3n \u00e1 mensaxe.<br \/>\nnon tomei a\u00ednda ningunha decisi\u00f3n definitiva sobre o asunto do nome da planta da que fala o poema. como ben apuntou no facebook elvira ribeiro, o que en arxentina se chama &#8220;clavel del aire&#8221; \u00e9 unha <a href=\"http:\/\/en.wikipedia.org\/wiki\/Tillandsia_bergeri\">tillandsia bergeri<\/a>. en galego di elvira que se lle chama &#8220;herba das bruxas&#8221; ou &#8220;herba da envexa&#8221;. par\u00e9cenme dous nomes preciosos pero demasiado atados \u00e1 idiosincracia do pa\u00eds. res\u00edstome a\u00ednda a po\u00f1elos porque me parece que poden darlle ao texto un matiz significante que non ten nada que ver.<br \/>\ncon todo, engad\u00edn dous versos ao final que apuntan a ese lado e, por outra banda, pechan mellor -penso- o poema.<br \/>\n&nbsp;<\/p>\n<p>n falaba dunha flor<br \/>\nque fac\u00eda parte<br \/>\ndas construci\u00f3ns da memoria de m<br \/>\n&nbsp;<\/p>\n<p>lembranzas afastadas<br \/>\n&nbsp;<br \/>\n&nbsp;<\/p>\n<p>v\u00edraa outra vez<br \/>\nenleada nos ferros dun balc\u00f3n<br \/>\nna cidade do fr\u00edo<\/p>\n<p>f\u00f3ra unha fotograf\u00eda c\u00e1lida<br \/>\nnaqueles meses de intemperie<br \/>\n&nbsp;<br \/>\n&nbsp;<\/p>\n<p>pero no relato de n<br \/>\ndevi\u00f1era invasora<\/p>\n<p>ocup\u00e1bao todo<br \/>\nabafaba as \u00e1rbores<br \/>\nat\u00e9 o exterminio<br \/>\n&nbsp;<br \/>\n&nbsp;<\/p>\n<p>de s\u00fapeto<br \/>\na paisaxe que lle naceu<br \/>\na m na conversa<br \/>\nera outra<\/p>\n<p>ou tal vez sexa m\u00e1is preciso dicir<br \/>\nque o relato causaba<br \/>\nnas postais da infancia de m<br \/>\nunha distorsi\u00f3n inesperada<br \/>\n&nbsp;<br \/>\n&nbsp;<\/p>\n<p>m escoitaba<br \/>\ne debat\u00edase entre o esforzo<br \/>\nde intercalar a novidade<br \/>\nnas s\u00faas propias fotograf\u00edas<br \/>\nou facer<br \/>\nresistir<br \/>\na paisaxe<br \/>\n&nbsp;<br \/>\n&nbsp;<\/p>\n<p>\u00e9 m\u00e1is c\u00e1lida a memoria dun tempo<br \/>\ne un lugar inexistentes?<\/p>\n<p>ou a certeza de sabermos dese\u00f1ar<br \/>\nterritorios novos<br \/>\na\u00ednda que doian?<br \/>\n&nbsp;<br \/>\n&nbsp;<\/p>\n<p>o poema \u00e9 traduci\u00f3n<br \/>\ntransposici\u00f3n<\/p>\n<p>o negativo dunha foto neboenta<br \/>\n&nbsp;<\/p>\n<p>harmon\u00edas novas<br \/>\ndescriben a infancia<br \/>\nmellor do que albisca o esquecemento<br \/>\n&nbsp;<br \/>\n&nbsp;<\/p>\n<p>son vol\u00e1tiles<br \/>\nas habitaci\u00f3n da memoria<br \/>\n&nbsp;<br \/>\n&nbsp;<\/p>\n<p>e se preguntas polo pasado<\/p>\n<p>se procuras entender o presente<br \/>\ncuestionando a paisaxe<\/p>\n<p>o mundo v\u00f3lvese inest\u00e1bel<br \/>\ndir\u00eda caetano<br \/>\n&nbsp;<\/p>\n<p>nesa vacilaci\u00f3n est\u00e1<br \/>\no equilibrio<br \/>\n&nbsp;<br \/>\n&nbsp;<\/p>\n<p>son iguais as singraduras da balea<\/p>\n<p>conservan memoria na pel\u00edculas<br \/>\npero eses mapas son<br \/>\ninvis\u00edbeis aos seus ollos<br \/>\n&nbsp;<\/p>\n<p>e o <em>clavel del aire<\/em><br \/>\nque nos mant\u00e9n a salvo da tristeza<\/p>\n","protected":false},"excerpt":{"rendered":"<p>a clave para esta revisi\u00f3n dos textos parece ser &#8220;alixeirar&#8221;. tal vez sexa esta a clave para toda revisi\u00f3n. cando menos no meu caso. o momento da escrita \u00e9, \u00e1s veces, excesivo. e \u00e9 o tempo o que deixa ver o celme do poema no medio das follas. cando escrib\u00eda ou revisaba (xa non lembro) [&hellip;]<\/p>\n","protected":false},"author":3,"featured_media":0,"comment_status":"closed","ping_status":"closed","sticky":false,"template":"","format":"standard","meta":{"footnotes":""},"categories":[8],"tags":[19,22,23,37],"class_list":["post-133","post","type-post","status-publish","format-standard","hentry","category-clavel-del-aire","tag-caetano-veloso","tag-delibab","tag-elvira-riveiro-tobio","tag-vitor-ramil"],"_links":{"self":[{"href":"https:\/\/luagris.net\/debaleas\/index.php?rest_route=\/wp\/v2\/posts\/133","targetHints":{"allow":["GET"]}}],"collection":[{"href":"https:\/\/luagris.net\/debaleas\/index.php?rest_route=\/wp\/v2\/posts"}],"about":[{"href":"https:\/\/luagris.net\/debaleas\/index.php?rest_route=\/wp\/v2\/types\/post"}],"author":[{"embeddable":true,"href":"https:\/\/luagris.net\/debaleas\/index.php?rest_route=\/wp\/v2\/users\/3"}],"replies":[{"embeddable":true,"href":"https:\/\/luagris.net\/debaleas\/index.php?rest_route=%2Fwp%2Fv2%2Fcomments&post=133"}],"version-history":[{"count":0,"href":"https:\/\/luagris.net\/debaleas\/index.php?rest_route=\/wp\/v2\/posts\/133\/revisions"}],"wp:attachment":[{"href":"https:\/\/luagris.net\/debaleas\/index.php?rest_route=%2Fwp%2Fv2%2Fmedia&parent=133"}],"wp:term":[{"taxonomy":"category","embeddable":true,"href":"https:\/\/luagris.net\/debaleas\/index.php?rest_route=%2Fwp%2Fv2%2Fcategories&post=133"},{"taxonomy":"post_tag","embeddable":true,"href":"https:\/\/luagris.net\/debaleas\/index.php?rest_route=%2Fwp%2Fv2%2Ftags&post=133"}],"curies":[{"name":"wp","href":"https:\/\/api.w.org\/{rel}","templated":true}]}}