{"id":109,"date":"2014-05-01T11:36:14","date_gmt":"2014-05-01T11:36:14","guid":{"rendered":"http:\/\/debaleas.blogaliza.org\/?p=109"},"modified":"2014-05-01T11:36:14","modified_gmt":"2014-05-01T11:36:14","slug":"coa-vista-no-horizonte","status":"publish","type":"post","link":"https:\/\/luagris.net\/debaleas\/?p=109","title":{"rendered":"coa vista no horizonte"},"content":{"rendered":"<p>non pensaba meterme con este texto a\u00ednda porque ti\u00f1a a impresi\u00f3n de que \u00eda ser un proceso duro. pero visto as\u00ed, en verso, semella flu\u00edr con naturalidade.<br \/>\nas baleas est\u00e1n s\u00f3 no t\u00edtulo porque non precisan estar dentro.<br \/>\ne tal vez sexa a \u00fanica raz\u00f3n pola que acabe conserv\u00e1ndolles t\u00edtulos a todos os textos na versi\u00f3n final.<\/p>\n<p>&nbsp;<\/p>\n<p>el a\u00ednda era novo<br \/>\ne ela xa regresara<br \/>\nunha vez da morte<\/p>\n<p>ela constru\u00eda preguntas<br \/>\ne el po\u00f1\u00edase triste<br \/>\ncando unha palabra faltaba<br \/>\nao encontro<\/p>\n<p>esa teima tan s\u00faa<br \/>\npolos l\u00edmites<\/p>\n<p>&nbsp;<\/p>\n<p>ela navegaba<br \/>\nentre a serenidade do abismo<br \/>\ne a tensi\u00f3n do verso<\/p>\n<p>e el ano\u00e1base ao mastro<br \/>\npara que non o arrastrasen as ondas<\/p>\n<p>&nbsp;<\/p>\n<p>nun alto<br \/>\nfronte ao mar de vigo<br \/>\nos dous eran<br \/>\ntempestade calma <\/p>\n<p>pero el teimaba en ancorar<br \/>\nnun seu pequeno<br \/>\nsilencio descuberto<\/p>\n<p>&nbsp;<\/p>\n<p>ela era pantera na espreita<\/p>\n<p>quer\u00eda velo todo<\/p>\n<p>&nbsp;<\/p>\n<p>s\u00e9ntese fr\u00e1xil quen<br \/>\ndiante do mundo<br \/>\ns\u00f3 pode interrogarse<\/p>\n<p>pero ten o poder da d\u00fabida<br \/>\na firmeza de non deixarse<br \/>\naloumi\u00f1ar polo afago<\/p>\n<p>&nbsp;<\/p>\n<p>agora el vai m\u00e1is vello<br \/>\nm\u00e1is do que ela poder\u00e1 ser nunca<\/p>\n<p>e xa non procura respostas<\/p>\n<p>&nbsp;<\/p>\n<p>aprendeu a catar<br \/>\no recendo c\u00e1lido do inesperado<\/p>\n<p>que a poes\u00eda \u00e9 disonante coas certezas<\/p>\n<p>(pensou niso sen saber<br \/>\nque fora ela<br \/>\nquen o agasallara co sabor do vago<br \/>\na beleza<br \/>\ndas perspectivas imprevistas)<\/p>\n<p>&nbsp;<\/p>\n<p>e nas palabras paira<br \/>\ncos ollos dela<br \/>\nenchoupados na roupa para sempre<\/p>\n","protected":false},"excerpt":{"rendered":"<p>non pensaba meterme con este texto a\u00ednda porque ti\u00f1a a impresi\u00f3n de que \u00eda ser un proceso duro. pero visto as\u00ed, en verso, semella flu\u00edr con naturalidade. as baleas est\u00e1n s\u00f3 no t\u00edtulo porque non precisan estar dentro. e tal vez sexa a \u00fanica raz\u00f3n pola que acabe conserv\u00e1ndolles t\u00edtulos a todos os textos na [&hellip;]<\/p>\n","protected":false},"author":3,"featured_media":0,"comment_status":"closed","ping_status":"closed","sticky":false,"template":"","format":"standard","meta":{"footnotes":""},"categories":[4,7],"tags":[],"class_list":["post-109","post","type-post","status-publish","format-standard","hentry","category-textos","category-vense-baleas-no-mar-de-vigo"],"_links":{"self":[{"href":"https:\/\/luagris.net\/debaleas\/index.php?rest_route=\/wp\/v2\/posts\/109","targetHints":{"allow":["GET"]}}],"collection":[{"href":"https:\/\/luagris.net\/debaleas\/index.php?rest_route=\/wp\/v2\/posts"}],"about":[{"href":"https:\/\/luagris.net\/debaleas\/index.php?rest_route=\/wp\/v2\/types\/post"}],"author":[{"embeddable":true,"href":"https:\/\/luagris.net\/debaleas\/index.php?rest_route=\/wp\/v2\/users\/3"}],"replies":[{"embeddable":true,"href":"https:\/\/luagris.net\/debaleas\/index.php?rest_route=%2Fwp%2Fv2%2Fcomments&post=109"}],"version-history":[{"count":0,"href":"https:\/\/luagris.net\/debaleas\/index.php?rest_route=\/wp\/v2\/posts\/109\/revisions"}],"wp:attachment":[{"href":"https:\/\/luagris.net\/debaleas\/index.php?rest_route=%2Fwp%2Fv2%2Fmedia&parent=109"}],"wp:term":[{"taxonomy":"category","embeddable":true,"href":"https:\/\/luagris.net\/debaleas\/index.php?rest_route=%2Fwp%2Fv2%2Fcategories&post=109"},{"taxonomy":"post_tag","embeddable":true,"href":"https:\/\/luagris.net\/debaleas\/index.php?rest_route=%2Fwp%2Fv2%2Ftags&post=109"}],"curies":[{"name":"wp","href":"https:\/\/api.w.org\/{rel}","templated":true}]}}