{"id":102,"date":"2014-04-15T11:45:32","date_gmt":"2014-04-15T11:45:32","guid":{"rendered":"http:\/\/debaleas.blogaliza.org\/?p=102"},"modified":"2014-04-15T11:45:32","modified_gmt":"2014-04-15T11:45:32","slug":"tres-poemas-nos-ollos-de-tunon","status":"publish","type":"post","link":"https:\/\/luagris.net\/debaleas\/?p=102","title":{"rendered":"tres imaxes nos ollos de tu\u00f1\u00f3n"},"content":{"rendered":"<p>o poema de juancito caminador \u00e9 un regreso a modo de homenaxe aos ollos de ra\u00fal gonz\u00e1lez tu\u00f1\u00f3n, un dos poetas que m\u00e1is influ\u00edron na mi\u00f1a maneira de mirar o mundo. <\/p>\n<p><em>tres imaxes<br \/>\nde juancito caminador<\/p>\n<p>contounas tal vez o poeta<br \/>\nque viviu os seus so\u00f1os<br \/>\ne mais so\u00f1ouno vivo<br \/>\ne morto<br \/>\ne a\u00ednda as\u00ed<br \/>\nnon soubo del<br \/>\nnin a metade da imaxinaci\u00f3n do mundo<\/em><\/p>\n<p>&nbsp;<\/p>\n<p>na barra dunha taberna<br \/>\nen ingeniero white <\/p>\n<p>o ilusionista escoita<br \/>\na historia marabillosa e certa<br \/>\ndo mari\u00f1eiro que avistou unha balea<br \/>\nno medio do treb\u00f3n<\/p>\n<p>semellaba vagar<br \/>\ntan extraviada coma o barco<br \/>\nno centro do centro da chuvia mesta<br \/>\ndas ondas salgadas do vento<br \/>\nirreflexivo<br \/>\nda bruma que recende a argazo<\/p>\n<p>a curva gris do lombo<br \/>\nera unha luz<br \/>\nno negror do vendaval <\/p>\n<p>ergu\u00edase brillante e<br \/>\nvolv\u00eda sumir<br \/>\nno mar coma un destino<\/p>\n<p>&nbsp;<\/p>\n<p><em>outra imaxe<\/em><\/p>\n<p>no centro da pista<br \/>\nunha mesa unha caveira un coello <\/p>\n<p>o ilusionista vende<br \/>\nso\u00f1os por dous pesos <\/p>\n<p>e cando a carpa do circo<br \/>\nfica baldeira de asombros<br \/>\no home agocha<br \/>\no seu tremor no abrigo ra\u00eddo<br \/>\ne mergulla na noite<br \/>\nna xenebra<br \/>\nno poema <\/p>\n<p>&nbsp;<\/p>\n<p><em>e unha imaxe m\u00e1is<\/em><\/p>\n<p>a nena con vestido de domingo<br \/>\nque esculca desde a primeira fila<br \/>\ncada movemento do prestidixitador<\/p>\n<p>e cando se apagan as luces<br \/>\ne a carpa fica baldeira<br \/>\na nena some<br \/>\ndeixando tras de si<br \/>\nun ronsel p\u00e1lido<\/p>\n","protected":false},"excerpt":{"rendered":"<p>o poema de juancito caminador \u00e9 un regreso a modo de homenaxe aos ollos de ra\u00fal gonz\u00e1lez tu\u00f1\u00f3n, un dos poetas que m\u00e1is influ\u00edron na mi\u00f1a maneira de mirar o mundo. tres imaxes de juancito caminador contounas tal vez o poeta que viviu os seus so\u00f1os e mais so\u00f1ouno vivo e morto e a\u00ednda as\u00ed [&hellip;]<\/p>\n","protected":false},"author":3,"featured_media":0,"comment_status":"closed","ping_status":"closed","sticky":false,"template":"","format":"standard","meta":{"footnotes":""},"categories":[14],"tags":[28,30,33],"class_list":["post-102","post","type-post","status-publish","format-standard","hentry","category-juancito-caminador","tag-johnnie-walker","tag-juancito-caminador","tag-raul-gonzalez-tunon"],"_links":{"self":[{"href":"https:\/\/luagris.net\/debaleas\/index.php?rest_route=\/wp\/v2\/posts\/102","targetHints":{"allow":["GET"]}}],"collection":[{"href":"https:\/\/luagris.net\/debaleas\/index.php?rest_route=\/wp\/v2\/posts"}],"about":[{"href":"https:\/\/luagris.net\/debaleas\/index.php?rest_route=\/wp\/v2\/types\/post"}],"author":[{"embeddable":true,"href":"https:\/\/luagris.net\/debaleas\/index.php?rest_route=\/wp\/v2\/users\/3"}],"replies":[{"embeddable":true,"href":"https:\/\/luagris.net\/debaleas\/index.php?rest_route=%2Fwp%2Fv2%2Fcomments&post=102"}],"version-history":[{"count":0,"href":"https:\/\/luagris.net\/debaleas\/index.php?rest_route=\/wp\/v2\/posts\/102\/revisions"}],"wp:attachment":[{"href":"https:\/\/luagris.net\/debaleas\/index.php?rest_route=%2Fwp%2Fv2%2Fmedia&parent=102"}],"wp:term":[{"taxonomy":"category","embeddable":true,"href":"https:\/\/luagris.net\/debaleas\/index.php?rest_route=%2Fwp%2Fv2%2Fcategories&post=102"},{"taxonomy":"post_tag","embeddable":true,"href":"https:\/\/luagris.net\/debaleas\/index.php?rest_route=%2Fwp%2Fv2%2Ftags&post=102"}],"curies":[{"name":"wp","href":"https:\/\/api.w.org\/{rel}","templated":true}]}}